{"id":949,"date":"2008-07-23T09:32:45","date_gmt":"2008-07-23T09:32:45","guid":{"rendered":"https:\/\/banjalukasport.com\/?p=949"},"modified":"2008-07-23T09:32:45","modified_gmt":"2008-07-23T09:32:45","slug":"ko%c2%a9arka-ujedinjenje-borca-mladosti-i-vrbasa","status":"publish","type":"post","link":"https:\/\/banjalukasport.com\/?p=949","title":{"rendered":"KO\u00a9ARKA: Ujedinjenje Borca, Mladosti i Vrbasa"},"content":{"rendered":"<p><img loading=\"lazy\" decoding=\"async\" width=\"120\" height=\"116\" align=\"left\" src=\"\/wp-content\/uploads\/articles_images\/20080723183245813_1.jpg\" alt=\"\"> Pro\u0161le sezone Banjaluku su u \u0161ampionatima Republike Srpske i Bosne i Hercegovine predstavljala \u010detiri \u017eenska ko\u0161arka\u0161ka kluba. Uz neprikosnoveni Mladi Kraji\u0161nik takmi\u010dili su se i Mladost, Vrbas i Borac IEFK. Od naredne sezone Banjaluku \u0107e predstavljati dva kluba.  Ideja o ujedinjenju Borac IEFK, Mladosti i Vrbasa u jedan klub koja se provla\u010di ve\u0107 dvije godine trebalo bi da se ozvani\u010di u narednom periodu. Tako \u0107e ova tri \u017eenska ko\u0161arka\u0161ka kolektiva nastupati pod jednim nazivom, odnosno, kao jedan klub.<\/p>\n<p>Osniva\u010dka skup\u0161tina trebalo bi da bude odr\u017eana u avgustu kada \u0107e biti formiran jedinstveni klub. Cilj je da se iskustvo koje posjeduje Mladost i neosporni talenta i elan koji posjeduju Borac i Vrbas doprinesu \u0161to boljim rezultatima. <\/p>\n<p>U planu je da se obezbjede znatno kvalitetniji uslovi za rad, nego \u0161to su sada i da se jedinstveni, zajedni\u010dki novoformirani klub u narednoj sezoni plasira na jedno od prva \u010detiri mjesta u \u0161ampionatu BiH.  <\/p>\n","protected":false},"excerpt":{"rendered":"<p><img loading=\"lazy\" decoding=\"async\" width=\"120\" height=\"116\" align=\"left\" src=\"\/wp-content\/uploads\/articles_images\/20080723183245813_1.jpg\" alt=\"\"> Pro\u0161le sezone Banjaluku su u \u0161ampionatima Republike Srpske i Bosne i Hercegovine predstavljala \u010detiri \u017eenska ko\u0161arka\u0161ka kluba. Uz neprikosnoveni Mladi Kraji\u0161nik takmi\u010dili su se i Mladost, Vrbas i Borac IEFK. Od naredne sezone Banjaluku \u0107e predstavljati dva kluba. <\/p>\n","protected":false},"author":74,"featured_media":0,"comment_status":"open","ping_status":"open","sticky":false,"template":"","format":"standard","meta":{"ngg_post_thumbnail":0,"footnotes":""},"categories":[7],"tags":[],"class_list":["post-949","post","type-post","status-publish","format-standard","hentry","category-arhiv"],"_links":{"self":[{"href":"https:\/\/banjalukasport.com\/index.php?rest_route=\/wp\/v2\/posts\/949","targetHints":{"allow":["GET"]}}],"collection":[{"href":"https:\/\/banjalukasport.com\/index.php?rest_route=\/wp\/v2\/posts"}],"about":[{"href":"https:\/\/banjalukasport.com\/index.php?rest_route=\/wp\/v2\/types\/post"}],"author":[{"embeddable":true,"href":"https:\/\/banjalukasport.com\/index.php?rest_route=\/wp\/v2\/users\/74"}],"replies":[{"embeddable":true,"href":"https:\/\/banjalukasport.com\/index.php?rest_route=%2Fwp%2Fv2%2Fcomments&post=949"}],"version-history":[{"count":0,"href":"https:\/\/banjalukasport.com\/index.php?rest_route=\/wp\/v2\/posts\/949\/revisions"}],"wp:attachment":[{"href":"https:\/\/banjalukasport.com\/index.php?rest_route=%2Fwp%2Fv2%2Fmedia&parent=949"}],"wp:term":[{"taxonomy":"category","embeddable":true,"href":"https:\/\/banjalukasport.com\/index.php?rest_route=%2Fwp%2Fv2%2Fcategories&post=949"},{"taxonomy":"post_tag","embeddable":true,"href":"https:\/\/banjalukasport.com\/index.php?rest_route=%2Fwp%2Fv2%2Ftags&post=949"}],"curies":[{"name":"wp","href":"https:\/\/api.w.org\/{rel}","templated":true}]}}