{"id":947,"date":"2008-07-22T13:47:57","date_gmt":"2008-07-22T13:47:57","guid":{"rendered":"https:\/\/banjalukasport.com\/?p=947"},"modified":"2008-07-22T13:47:57","modified_gmt":"2008-07-22T13:47:57","slug":"ko%c2%a9arka-banjalucanin-tubak-medu-15-odabranih","status":"publish","type":"post","link":"https:\/\/banjalukasport.com\/?p=947","title":{"rendered":"KO\u00a9ARKA: Banjalu\u010danin Tubak me\u0111u 15 odabranih"},"content":{"rendered":"<p><img loading=\"lazy\" decoding=\"async\" width=\"105\" height=\"143\" align=\"left\" src=\"\/wp-content\/uploads\/articles_images\/20080722224757964_1.jpg\" alt=\"\"> Selektor mu\u0161ke ko\u0161arka\u0161ke reprezentacije Bosne i Hercegovine, Mensur Bajramovi\u0107, objavio je spisak od 15 ko\u0161arka\u0161a koji \u0107e u\u010destvovati u kvalifikacijama za Evropski \u0161ampionat u Poljskoj. Me\u0111u njima je i jedan Banjalu\u010danin.   217 centimetara visoki, Dragan Tubak, u\u0161ao je u naju\u017ei krug reprezentativaca. 21-godi\u0161nji ko\u0161arka\u0161 nastupa za Borac \u010da\u010dak, a svojom visinom izazvao je pa\u017enju ko\u0161arka\u0161ke javnosti. Prije \u010da\u010danskog Borca, Dragan Tubak, nosio je dres FMP-a.<\/p>\n","protected":false},"excerpt":{"rendered":"<p><img loading=\"lazy\" decoding=\"async\" width=\"105\" height=\"143\" align=\"left\" src=\"\/wp-content\/uploads\/articles_images\/20080722224757964_1.jpg\" alt=\"\"> Selektor mu\u0161ke ko\u0161arka\u0161ke reprezentacije Bosne i Hercegovine, Mensur Bajramovi\u0107, objavio je spisak od 15 ko\u0161arka\u0161a koji \u0107e u\u010destvovati u kvalifikacijama za Evropski \u0161ampionat u Poljskoj. Me\u0111u njima je i jedan Banjalu\u010danin.  <\/p>\n","protected":false},"author":74,"featured_media":0,"comment_status":"open","ping_status":"open","sticky":false,"template":"","format":"standard","meta":{"ngg_post_thumbnail":0,"footnotes":""},"categories":[7],"tags":[],"class_list":["post-947","post","type-post","status-publish","format-standard","hentry","category-arhiv"],"_links":{"self":[{"href":"https:\/\/banjalukasport.com\/index.php?rest_route=\/wp\/v2\/posts\/947","targetHints":{"allow":["GET"]}}],"collection":[{"href":"https:\/\/banjalukasport.com\/index.php?rest_route=\/wp\/v2\/posts"}],"about":[{"href":"https:\/\/banjalukasport.com\/index.php?rest_route=\/wp\/v2\/types\/post"}],"author":[{"embeddable":true,"href":"https:\/\/banjalukasport.com\/index.php?rest_route=\/wp\/v2\/users\/74"}],"replies":[{"embeddable":true,"href":"https:\/\/banjalukasport.com\/index.php?rest_route=%2Fwp%2Fv2%2Fcomments&post=947"}],"version-history":[{"count":0,"href":"https:\/\/banjalukasport.com\/index.php?rest_route=\/wp\/v2\/posts\/947\/revisions"}],"wp:attachment":[{"href":"https:\/\/banjalukasport.com\/index.php?rest_route=%2Fwp%2Fv2%2Fmedia&parent=947"}],"wp:term":[{"taxonomy":"category","embeddable":true,"href":"https:\/\/banjalukasport.com\/index.php?rest_route=%2Fwp%2Fv2%2Fcategories&post=947"},{"taxonomy":"post_tag","embeddable":true,"href":"https:\/\/banjalukasport.com\/index.php?rest_route=%2Fwp%2Fv2%2Ftags&post=947"}],"curies":[{"name":"wp","href":"https:\/\/api.w.org\/{rel}","templated":true}]}}