{"id":913,"date":"2008-07-25T06:11:00","date_gmt":"2008-07-25T06:11:00","guid":{"rendered":"https:\/\/banjalukasport.com\/?p=913"},"modified":"2008-07-25T06:11:00","modified_gmt":"2008-07-25T06:11:00","slug":"in-memoriam-preminuo-tomislav-tomo-palankin","status":"publish","type":"post","link":"https:\/\/banjalukasport.com\/?p=913","title":{"rendered":"IN MEMORIAM: Preminuo Tomislav Tomo Palankin"},"content":{"rendered":"<p><img loading=\"lazy\" decoding=\"async\" width=\"98\" height=\"120\" align=\"left\" src=\"\/wp-content\/uploads\/articles_images\/20080725151116611_1.jpg\" alt=\"\"> Ju\u010de je u Banjaluci, posli&#1112;e kratke bolesti, u 75. godini preminuo Tomislav &#8211; Tomo Palankin, legenda Bokserskog kluba Slavija i \u010dovjek koji bio aktivan u Slaviji od samog osnivanja kluba. Palankin je ro\u0111en u Beogradu 8. avgusta 1933. godine, a prve bokserske korake napravio &#1112;e sa 12 godina u vo&#1112;no&#1112; \u0161koli, gd&#1112;e &#1112;e boksovao za armi&#1112;sku reprezentaci&#1112;u. <\/p>\n<p>Na Svearmi&#1112;skom prvenstvu Federativne Narodne Republike &#1032;ugoslavi&#1112;e u kategori&#1112;i do 56 kilograma osvo&#1112;io &#1112;e prvo m&#1112;esto. Po izlasku iz armi&#1112;e postao &#1112;e \u010dlan &#1032;edinstva iz Zemuna, a potom beogradskog Partizana.<\/p>\n<p>U Banjaluku &#1112;e stigao 1958. godine, da bi od samog osnivanja Bokserskog kluba Slavi&#1112;a, 1960. godine, po\u010deo da radi kao trener. U ovom trofe&#1112;nom sportskom kolektivu bio &#1112;e sve do 1981. godine, a bio &#1112;e trener ekipe ko&#1112;a &#1112;e 1974. godine osvo&#1112;ila titulu ekipnog prvaka &#1032;ugoslavi&#1112;e. U Slavi&#1112;u se vratio kao trener 1990. i radio sve do 2004. godine, kada se povukao.<\/p>\n<p>Za svo&#1112; sportski doprinos razvo&#1112;u boksa dobio &#1112;e &#8220;22. aprilsku nagradu grada Banjaluka&#8221;, a pro\u0161le godine &#1112;e dobio &#8220;Nagradu za \u017eivotno d&#1112;elo&#8221;. \u010dak 150 puta &#1112;e bio dobrovoljni davalac krvi i zato &#1112;e nagra\u0111en zlatnom medaljom.<\/p>\n<p>Sahrana Tomislava &#8211; Tome Palankina obavi\u0107e se sutra u 13 \u010dasova na Novom groblju u Banjaluci.<\/p>\n<p>Informacije preuzete iz Glasa Srpske. <\/p>\n","protected":false},"excerpt":{"rendered":"<p><img loading=\"lazy\" decoding=\"async\" width=\"98\" height=\"120\" align=\"left\" src=\"\/wp-content\/uploads\/articles_images\/20080725151116611_1.jpg\" alt=\"\"> Ju\u010de je u Banjaluci, posli&#1112;e kratke bolesti, u 75. godini preminuo Tomislav &#8211; Tomo Palankin, legenda Bokserskog kluba Slavija i \u010dovjek koji bio aktivan u Slaviji od samog osnivanja kluba.<\/p>\n","protected":false},"author":74,"featured_media":0,"comment_status":"open","ping_status":"open","sticky":false,"template":"","format":"standard","meta":{"ngg_post_thumbnail":0,"footnotes":""},"categories":[7],"tags":[],"class_list":["post-913","post","type-post","status-publish","format-standard","hentry","category-arhiv"],"_links":{"self":[{"href":"https:\/\/banjalukasport.com\/index.php?rest_route=\/wp\/v2\/posts\/913","targetHints":{"allow":["GET"]}}],"collection":[{"href":"https:\/\/banjalukasport.com\/index.php?rest_route=\/wp\/v2\/posts"}],"about":[{"href":"https:\/\/banjalukasport.com\/index.php?rest_route=\/wp\/v2\/types\/post"}],"author":[{"embeddable":true,"href":"https:\/\/banjalukasport.com\/index.php?rest_route=\/wp\/v2\/users\/74"}],"replies":[{"embeddable":true,"href":"https:\/\/banjalukasport.com\/index.php?rest_route=%2Fwp%2Fv2%2Fcomments&post=913"}],"version-history":[{"count":0,"href":"https:\/\/banjalukasport.com\/index.php?rest_route=\/wp\/v2\/posts\/913\/revisions"}],"wp:attachment":[{"href":"https:\/\/banjalukasport.com\/index.php?rest_route=%2Fwp%2Fv2%2Fmedia&parent=913"}],"wp:term":[{"taxonomy":"category","embeddable":true,"href":"https:\/\/banjalukasport.com\/index.php?rest_route=%2Fwp%2Fv2%2Fcategories&post=913"},{"taxonomy":"post_tag","embeddable":true,"href":"https:\/\/banjalukasport.com\/index.php?rest_route=%2Fwp%2Fv2%2Ftags&post=913"}],"curies":[{"name":"wp","href":"https:\/\/api.w.org\/{rel}","templated":true}]}}