{"id":881,"date":"2008-07-04T03:33:01","date_gmt":"2008-07-04T03:33:01","guid":{"rendered":"https:\/\/banjalukasport.com\/?p=881"},"modified":"2008-07-04T03:33:01","modified_gmt":"2008-07-04T03:33:01","slug":"fudbal-dolaze-alzirci-u-ponedjeljak-i-novi-direktor","status":"publish","type":"post","link":"https:\/\/banjalukasport.com\/?p=881","title":{"rendered":"FUDBAL: Dolaze Al\u017eirci, u ponedjeljak i novi direktor"},"content":{"rendered":"<p><img loading=\"lazy\" decoding=\"async\" width=\"113\" height=\"120\" align=\"left\" src=\"\/wp-content\/uploads\/articles_images\/20080704123301365_1.jpg\" alt=\"\"> Fudbaleri Borca odra\u0111uju pripreme u Kne\u017eevu. U ovom gradu osta\u0107e do sutra, a onda se sele na Zlatibor gdje \u0107e boraviti 12 dana. Ve\u0107 sada se o\u010dekuju nova <b>poja\u010danja i to iz inostranstva<\/b>. I ne samo to Borac \u0107e od ponedjeljka dobiti i <b>novog direktora<\/b>. Me\u0111u crveno-plave do sada je stiglo pet fudbalera, ali tu nije kraj poja\u010danjima.<\/p>\n<p>\n<img loading=\"lazy\" decoding=\"async\" width=\"120\" height=\"91\" align=\"left\" src=\"\/wp-content\/uploads\/articles_images\/20080704123301365_2.jpg\" alt=\"\"> <i> U potrazi smo za jo\u0161 jednim fudbalerom koji igra na poziciji lijevog bo\u010dnog. Do povratka sa Zlatibora o\u010dekuje se i dolazak dva Al\u017eirca, koji \u0107e odigrati nekoliko prijateljskih utakmica i ukoliko zadovolje na\u0161e kriterijume i oni \u0107e ostati na Gradskom stadionu. S Ognjenom Vranje\u0161om ve\u0107 je dogovoren nastavak saradnje, a sa Stojanom trebalo bi da postignemo sporazum do odlaska na Zlatibor. To zna\u010di da je sve izvjesnije da \u0107e oni ostati u na\u0161oj sredini, jer se rukovodstvo Crvene zvezde nije javilo po pitanju transfera pomenutih igra\u010da na &#8220;Marakanu&#8221;.<\/i> izjavio je za Fokus, predsjednik Borca, <b>Milorad Janjetovi\u0107<\/b>.<\/p>\n<p>Poznato je da Borac trenutno nema direktora. Me\u0111utim, to pitanje je rije\u0161eno pa \u0107e od ponedjeljka, 7.jula, ulogu direktora preuzeti dugodoi\u0161nji prvotimac kluba, Damir \u00a9pica.<\/p>\n","protected":false},"excerpt":{"rendered":"<p><img loading=\"lazy\" decoding=\"async\" width=\"113\" height=\"120\" align=\"left\" src=\"\/wp-content\/uploads\/articles_images\/20080704123301365_1.jpg\" alt=\"\"> Fudbaleri Borca odra\u0111uju pripreme u Kne\u017eevu. U ovom gradu osta\u0107e do sutra, a onda se sele na Zlatibor gdje \u0107e boraviti 12 dana. Ve\u0107 sada se o\u010dekuju nova <b>poja\u010danja i to iz inostranstva<\/b>. I ne samo to Borac \u0107e od ponedjeljka dobiti i <b>novog direktora<\/b>.<\/p>\n","protected":false},"author":74,"featured_media":0,"comment_status":"open","ping_status":"open","sticky":false,"template":"","format":"standard","meta":{"ngg_post_thumbnail":0,"footnotes":""},"categories":[7],"tags":[],"class_list":["post-881","post","type-post","status-publish","format-standard","hentry","category-arhiv"],"_links":{"self":[{"href":"https:\/\/banjalukasport.com\/index.php?rest_route=\/wp\/v2\/posts\/881","targetHints":{"allow":["GET"]}}],"collection":[{"href":"https:\/\/banjalukasport.com\/index.php?rest_route=\/wp\/v2\/posts"}],"about":[{"href":"https:\/\/banjalukasport.com\/index.php?rest_route=\/wp\/v2\/types\/post"}],"author":[{"embeddable":true,"href":"https:\/\/banjalukasport.com\/index.php?rest_route=\/wp\/v2\/users\/74"}],"replies":[{"embeddable":true,"href":"https:\/\/banjalukasport.com\/index.php?rest_route=%2Fwp%2Fv2%2Fcomments&post=881"}],"version-history":[{"count":0,"href":"https:\/\/banjalukasport.com\/index.php?rest_route=\/wp\/v2\/posts\/881\/revisions"}],"wp:attachment":[{"href":"https:\/\/banjalukasport.com\/index.php?rest_route=%2Fwp%2Fv2%2Fmedia&parent=881"}],"wp:term":[{"taxonomy":"category","embeddable":true,"href":"https:\/\/banjalukasport.com\/index.php?rest_route=%2Fwp%2Fv2%2Fcategories&post=881"},{"taxonomy":"post_tag","embeddable":true,"href":"https:\/\/banjalukasport.com\/index.php?rest_route=%2Fwp%2Fv2%2Ftags&post=881"}],"curies":[{"name":"wp","href":"https:\/\/api.w.org\/{rel}","templated":true}]}}