{"id":869,"date":"2008-07-01T02:57:24","date_gmt":"2008-07-01T02:57:24","guid":{"rendered":"https:\/\/banjalukasport.com\/?p=869"},"modified":"2008-07-01T02:57:24","modified_gmt":"2008-07-01T02:57:24","slug":"fudbal-rasevic-i-stupar-u-borcu","status":"publish","type":"post","link":"https:\/\/banjalukasport.com\/?p=869","title":{"rendered":"FUDBAL: Ra\u0161evi\u0107 i Stupar u Borcu"},"content":{"rendered":"<p><img loading=\"lazy\" decoding=\"async\" width=\"113\" height=\"120\" align=\"left\" src=\"\/wp-content\/uploads\/articles_images\/20080701115724812_1.jpg\" alt=\"\"> Fudbalski klub Borac polako formira ekipu za sljede\u0107u sezonu i nastup u Premijer ligi Bosne i Hercegovine. Dejan Ra\u0161evi\u0107, doju\u010dera\u0161nji fudbaler Radnika iz Bijeljine i Milan Stupar, biv\u0161i igra\u010d Banata iz Zrenjanina, novi su \u010dlanovi Borca. <\/p>\n<p>Podsje\u0107amo, ranije su u klub do\u0161li Nikola Lazarovi\u0107 iz zvorni\u010dke Drine i golman Dragan Star\u010devi\u0107 iz Lakta\u0161a, a o\u010dekuje se dolazak i Mom\u010dila Rami\u0107a iz Javora.<br \/>\n Danas oko 14 \u010dasova ekipa \u0107e se preseliti u Kne\u017eevo, gdje \u0107e trenirati do 5. jula. Dan kasnije planiran je odlazak na Zlatibor.<\/p>\n<p>Ono \u0161to je sigurno klub napu\u0161taju Zdravko Trivkovi\u0107, Ognjen Kremenovi\u0107 i Dejan Ga\u010di\u0107, a jo\u0161 uvijek neizvjesna sudbina Ognjena i Stojana Vranje\u0161a te Nikole Kolarova. <\/p>\n","protected":false},"excerpt":{"rendered":"<p><img loading=\"lazy\" decoding=\"async\" width=\"113\" height=\"120\" align=\"left\" src=\"\/wp-content\/uploads\/articles_images\/20080701115724812_1.jpg\" alt=\"\"> Fudbalski klub Borac polako formira ekipu za sljede\u0107u sezonu i nastup u Premijer ligi Bosne i Hercegovine. Dejan Ra\u0161evi\u0107, doju\u010dera\u0161nji fudbaler Radnika iz Bijeljine i Milan Stupar, biv\u0161i igra\u010d Banata iz Zrenjanina, novi su \u010dlanovi Borca. <\/p>\n<p>Podsje\u0107amo, ranije su u klub do\u0161li Nikola Lazarovi\u0107 iz zvorni\u010dke Drine i golman Dragan Star\u010devi\u0107 iz Lakta\u0161a, a o\u010dekuje se dolazak i Mom\u010dila Rami\u0107a iz Javora. <\/p>\n","protected":false},"author":74,"featured_media":0,"comment_status":"open","ping_status":"open","sticky":false,"template":"","format":"standard","meta":{"ngg_post_thumbnail":0,"footnotes":""},"categories":[7],"tags":[],"class_list":["post-869","post","type-post","status-publish","format-standard","hentry","category-arhiv"],"_links":{"self":[{"href":"https:\/\/banjalukasport.com\/index.php?rest_route=\/wp\/v2\/posts\/869","targetHints":{"allow":["GET"]}}],"collection":[{"href":"https:\/\/banjalukasport.com\/index.php?rest_route=\/wp\/v2\/posts"}],"about":[{"href":"https:\/\/banjalukasport.com\/index.php?rest_route=\/wp\/v2\/types\/post"}],"author":[{"embeddable":true,"href":"https:\/\/banjalukasport.com\/index.php?rest_route=\/wp\/v2\/users\/74"}],"replies":[{"embeddable":true,"href":"https:\/\/banjalukasport.com\/index.php?rest_route=%2Fwp%2Fv2%2Fcomments&post=869"}],"version-history":[{"count":0,"href":"https:\/\/banjalukasport.com\/index.php?rest_route=\/wp\/v2\/posts\/869\/revisions"}],"wp:attachment":[{"href":"https:\/\/banjalukasport.com\/index.php?rest_route=%2Fwp%2Fv2%2Fmedia&parent=869"}],"wp:term":[{"taxonomy":"category","embeddable":true,"href":"https:\/\/banjalukasport.com\/index.php?rest_route=%2Fwp%2Fv2%2Fcategories&post=869"},{"taxonomy":"post_tag","embeddable":true,"href":"https:\/\/banjalukasport.com\/index.php?rest_route=%2Fwp%2Fv2%2Ftags&post=869"}],"curies":[{"name":"wp","href":"https:\/\/api.w.org\/{rel}","templated":true}]}}