{"id":865,"date":"2008-06-27T03:15:38","date_gmt":"2008-06-27T03:15:38","guid":{"rendered":"https:\/\/banjalukasport.com\/?p=865"},"modified":"2008-06-27T03:15:38","modified_gmt":"2008-06-27T03:15:38","slug":"rukomet-karacic-pojacanje-borca","status":"publish","type":"post","link":"https:\/\/banjalukasport.com\/?p=865","title":{"rendered":"RUKOMET: Kara\u010di\u0107 poja\u010danje Borca"},"content":{"rendered":"<p><img loading=\"lazy\" decoding=\"async\" width=\"105\" height=\"120\" align=\"left\" src=\"\/wp-content\/uploads\/articles_images\/20080627121538102_1.jpg\" alt=\"\"> Ivan Kara\u010di\u0107 novo je poja\u010danje Rukometnog kluba Borac. Dogovorena je saradnja i Kara\u010di\u0107 \u0107e u narednoj sezoni nositi crveno-plavi dres.<\/p>\n<p>Kara\u010di\u0107 je u pro\u0161loj sezoni bio drugi klupski strijelac u Izvidja\u010du iz Ljubu\u0161kog i jedan od najboljih prvotimaca u ovom Premijerliga\u0161u.  Oism njega Borac bi trebalo da poja\u010daju Ili\u0107 iz Izvi\u0111a\u010da, a u Banjaluku se ve\u0107 vratio golman, Mario Bla\u017eevi\u0107. <\/p>\n","protected":false},"excerpt":{"rendered":"<p><img loading=\"lazy\" decoding=\"async\" width=\"105\" height=\"120\" align=\"left\" src=\"\/wp-content\/uploads\/articles_images\/20080627121538102_1.jpg\" alt=\"\"> Ivan Kara\u010di\u0107 novo je poja\u010danje Rukometnog kluba Borac. Dogovorena je saradnja i Kara\u010di\u0107 \u0107e u narednoj sezoni nositi crveno-plavi dres.<\/p>\n<p>Kara\u010di\u0107 je u pro\u0161loj sezoni bio drugi klupski strijelac u Izvidja\u010du iz Ljubu\u0161kog i jedan od najboljih prvotimaca u ovom Premijerliga\u0161u. <\/p>\n","protected":false},"author":74,"featured_media":0,"comment_status":"open","ping_status":"open","sticky":false,"template":"","format":"standard","meta":{"ngg_post_thumbnail":0,"footnotes":""},"categories":[7],"tags":[],"class_list":["post-865","post","type-post","status-publish","format-standard","hentry","category-arhiv"],"_links":{"self":[{"href":"https:\/\/banjalukasport.com\/index.php?rest_route=\/wp\/v2\/posts\/865","targetHints":{"allow":["GET"]}}],"collection":[{"href":"https:\/\/banjalukasport.com\/index.php?rest_route=\/wp\/v2\/posts"}],"about":[{"href":"https:\/\/banjalukasport.com\/index.php?rest_route=\/wp\/v2\/types\/post"}],"author":[{"embeddable":true,"href":"https:\/\/banjalukasport.com\/index.php?rest_route=\/wp\/v2\/users\/74"}],"replies":[{"embeddable":true,"href":"https:\/\/banjalukasport.com\/index.php?rest_route=%2Fwp%2Fv2%2Fcomments&post=865"}],"version-history":[{"count":0,"href":"https:\/\/banjalukasport.com\/index.php?rest_route=\/wp\/v2\/posts\/865\/revisions"}],"wp:attachment":[{"href":"https:\/\/banjalukasport.com\/index.php?rest_route=%2Fwp%2Fv2%2Fmedia&parent=865"}],"wp:term":[{"taxonomy":"category","embeddable":true,"href":"https:\/\/banjalukasport.com\/index.php?rest_route=%2Fwp%2Fv2%2Fcategories&post=865"},{"taxonomy":"post_tag","embeddable":true,"href":"https:\/\/banjalukasport.com\/index.php?rest_route=%2Fwp%2Fv2%2Ftags&post=865"}],"curies":[{"name":"wp","href":"https:\/\/api.w.org\/{rel}","templated":true}]}}