{"id":856,"date":"2008-07-02T01:54:28","date_gmt":"2008-07-02T01:54:28","guid":{"rendered":"https:\/\/banjalukasport.com\/?p=856"},"modified":"2008-07-02T01:54:28","modified_gmt":"2008-07-02T01:54:28","slug":"ko%c2%a9arka-z-jovanovic-ogorcen-na-simoviceve-izjave","status":"publish","type":"post","link":"https:\/\/banjalukasport.com\/?p=856","title":{"rendered":"KO\u00a9ARKA: Z.Jovanovi\u0107 ogor\u010den na Simovi\u0107eve izjave"},"content":{"rendered":"<p><img loading=\"lazy\" decoding=\"async\" width=\"120\" height=\"91\" align=\"left\" src=\"\/wp-content\/uploads\/articles_images\/20080702105428471_1.jpg\" alt=\"\"> Odlazak sjajnog plejmejkera, Zlatka Jovanovi\u0107a, iz Borac Nektara u Sloboda Ditu i dalje je tema broj 1 u gradu na Vrbasu. Navija\u010di su ogor\u010deni njegovim odlaskom, a strasti su postale uzavrele nakon kontradiktornih izjava Jovanovi\u0107a i direktora Borac Nektara Slobodana Simovi\u0107a.<br \/>\n U dana\u0161njem izdanju Press-a, objavljen je intervju sa Zlatkom Jovanovi\u0107em u kojem se, gotovo u svakoj rije\u010di, mo\u017ee prepoznati ogor\u010denost na rukovodstvo Pivara, prije svega na Simovi\u0107a i Bena\u010deka. <\/p>\n<p>Z. Jovanovi\u0107 je jo\u0161 jednom ponovio da nije dogovorio saradnju sa Sloboda Ditom u januaru, kako tvrdi Simovi\u0107, i da mu je prvi izbor bio Borac Nektar. Jovanovi\u0107, u ovom intervjuu, isti\u010de da je zvao klub, da je zvao Simovi\u0107a, ali da nije bilo odgovora. <\/p>\n<p>Sjajni ko\u0161arka\u0161, koji je bio najbolji pojedinac Pivara u Centrotrans ligi BiH, ka\u017ee da mu je banjalu\u010dki klub prirastao srcu, da je \u017eelio da osatne u Banjaluci, ali da je zbog nekorektnog odnosa vo\u0111stva Pivara, odlu\u010dio da promijeni sredinu. <\/p>\n<p>Z.Jovanovi\u0107 je istakao da je na po\u010detku ove godine bio u nemilosti pojedinih ljudi iz kluba jer ga je me\u0111u crveno &#8211; plave doveo Drago Karali\u0107. Novi igra\u010d Sloboda Dite zaklju\u010dio je da \u0107e mu period u Borcu ostati u najljep\u0161em sje\u0107anju jer je osim ko\u0161arka\u0161kih uspjeha u gradu na Vrbasu dobio i mnogo prijatelja. <\/p>\n","protected":false},"excerpt":{"rendered":"<p><img loading=\"lazy\" decoding=\"async\" width=\"120\" height=\"91\" align=\"left\" src=\"\/wp-content\/uploads\/articles_images\/20080702105428471_1.jpg\" alt=\"\"> Odlazak sjajnog plejmejkera, Zlatka Jovanovi\u0107a, iz Borac Nektara u Sloboda Ditu i dalje je tema broj 1 u gradu na Vrbasu. Navija\u010di su ogor\u010deni njegovim odlaskom, a strasti su postale uzavrele nakon kontradiktornih izjava Jovanovi\u0107a i direktora Borac Nektara Slobodana Simovi\u0107a.<\/p>\n","protected":false},"author":74,"featured_media":0,"comment_status":"open","ping_status":"open","sticky":false,"template":"","format":"standard","meta":{"ngg_post_thumbnail":0,"footnotes":""},"categories":[7],"tags":[],"class_list":["post-856","post","type-post","status-publish","format-standard","hentry","category-arhiv"],"_links":{"self":[{"href":"https:\/\/banjalukasport.com\/index.php?rest_route=\/wp\/v2\/posts\/856","targetHints":{"allow":["GET"]}}],"collection":[{"href":"https:\/\/banjalukasport.com\/index.php?rest_route=\/wp\/v2\/posts"}],"about":[{"href":"https:\/\/banjalukasport.com\/index.php?rest_route=\/wp\/v2\/types\/post"}],"author":[{"embeddable":true,"href":"https:\/\/banjalukasport.com\/index.php?rest_route=\/wp\/v2\/users\/74"}],"replies":[{"embeddable":true,"href":"https:\/\/banjalukasport.com\/index.php?rest_route=%2Fwp%2Fv2%2Fcomments&post=856"}],"version-history":[{"count":0,"href":"https:\/\/banjalukasport.com\/index.php?rest_route=\/wp\/v2\/posts\/856\/revisions"}],"wp:attachment":[{"href":"https:\/\/banjalukasport.com\/index.php?rest_route=%2Fwp%2Fv2%2Fmedia&parent=856"}],"wp:term":[{"taxonomy":"category","embeddable":true,"href":"https:\/\/banjalukasport.com\/index.php?rest_route=%2Fwp%2Fv2%2Fcategories&post=856"},{"taxonomy":"post_tag","embeddable":true,"href":"https:\/\/banjalukasport.com\/index.php?rest_route=%2Fwp%2Fv2%2Ftags&post=856"}],"curies":[{"name":"wp","href":"https:\/\/api.w.org\/{rel}","templated":true}]}}