{"id":847,"date":"2008-06-21T09:10:53","date_gmt":"2008-06-21T09:10:53","guid":{"rendered":"https:\/\/banjalukasport.com\/?p=847"},"modified":"2008-06-21T09:10:53","modified_gmt":"2008-06-21T09:10:53","slug":"automobilizam-zaluzani-domacini-medunarodne-trke","status":"publish","type":"post","link":"https:\/\/banjalukasport.com\/?p=847","title":{"rendered":"AUTOMOBILIZAM: Zalu\u017eani doma\u0107ini me\u0111unarodne trke"},"content":{"rendered":"<p><img loading=\"lazy\" decoding=\"async\" width=\"124\" height=\"93\" align=\"left\" src=\"\/wp-content\/uploads\/articles_images\/20080621181053882_1.jpg\" alt=\"\">Staza Zalu\u017eani kod Banjaluke ovog vikenda bi\u0107e doma\u0107ini me\u0111unarodne automobilisti\u010dke trke u okviru \u0161ampionata Republike Srpske, Bosne i Hercegovine, Srbije i takmi\u010denja u okviru Centralno-evropske zone. <\/p>\n<p>Staza je fantasti\u010dna, spremna za najvi\u0161e standarde, isti\u010du organizatori u ivjeravaju da \u0107e ovo biti jedna od najboljih autmobilisti\u010dkih manifestacija kod nas.  Ukupno \u0107e u\u010destvovati vi\u0161e od 100 voza\u010da iz ovog dijela Evrope. Glavna trka, u okviru Centralno-evropske zone, na programu je sutra od 13 \u010dasova. <\/p>\n","protected":false},"excerpt":{"rendered":"<p><img loading=\"lazy\" decoding=\"async\" width=\"124\" height=\"93\" align=\"left\" src=\"\/wp-content\/uploads\/articles_images\/20080621181053882_1.jpg\" alt=\"\">Staza Zalu\u017eani kod Banjaluke ovog vikenda bi\u0107e doma\u0107ini me\u0111unarodne automobilisti\u010dke trke u okviru \u0161ampionata Republike Srpske, Bosne i Hercegovine, Srbije i takmi\u010denja u okviru Centralno-evropske zone. <\/p>\n<p>Staza je fantasti\u010dna, spremna za najvi\u0161e standarde, isti\u010du organizatori u ivjeravaju da \u0107e ovo biti jedna od najboljih autmobilisti\u010dkih manifestacija kod nas. <\/p>\n","protected":false},"author":74,"featured_media":0,"comment_status":"open","ping_status":"open","sticky":false,"template":"","format":"standard","meta":{"ngg_post_thumbnail":0,"footnotes":""},"categories":[7],"tags":[],"class_list":["post-847","post","type-post","status-publish","format-standard","hentry","category-arhiv"],"_links":{"self":[{"href":"https:\/\/banjalukasport.com\/index.php?rest_route=\/wp\/v2\/posts\/847","targetHints":{"allow":["GET"]}}],"collection":[{"href":"https:\/\/banjalukasport.com\/index.php?rest_route=\/wp\/v2\/posts"}],"about":[{"href":"https:\/\/banjalukasport.com\/index.php?rest_route=\/wp\/v2\/types\/post"}],"author":[{"embeddable":true,"href":"https:\/\/banjalukasport.com\/index.php?rest_route=\/wp\/v2\/users\/74"}],"replies":[{"embeddable":true,"href":"https:\/\/banjalukasport.com\/index.php?rest_route=%2Fwp%2Fv2%2Fcomments&post=847"}],"version-history":[{"count":0,"href":"https:\/\/banjalukasport.com\/index.php?rest_route=\/wp\/v2\/posts\/847\/revisions"}],"wp:attachment":[{"href":"https:\/\/banjalukasport.com\/index.php?rest_route=%2Fwp%2Fv2%2Fmedia&parent=847"}],"wp:term":[{"taxonomy":"category","embeddable":true,"href":"https:\/\/banjalukasport.com\/index.php?rest_route=%2Fwp%2Fv2%2Fcategories&post=847"},{"taxonomy":"post_tag","embeddable":true,"href":"https:\/\/banjalukasport.com\/index.php?rest_route=%2Fwp%2Fv2%2Ftags&post=847"}],"curies":[{"name":"wp","href":"https:\/\/api.w.org\/{rel}","templated":true}]}}