{"id":815,"date":"2008-06-07T09:48:27","date_gmt":"2008-06-07T09:48:27","guid":{"rendered":"https:\/\/banjalukasport.com\/?p=815"},"modified":"2008-06-07T09:48:27","modified_gmt":"2008-06-07T09:48:27","slug":"karate-u-banjaluci-pocelo-prvenstvo-evrope","status":"publish","type":"post","link":"https:\/\/banjalukasport.com\/?p=815","title":{"rendered":"KARATE: U Banjaluci po\u010delo prvenstvo Evrope"},"content":{"rendered":"<p><img loading=\"lazy\" decoding=\"async\" width=\"96\" height=\"119\" align=\"left\" src=\"\/wp-content\/uploads\/articles_images\/20080607184827328_1.jpg\" alt=\"\">Ovog vikenda u sportskoj dvorani Borik u Banjaluci odr\u017eava se <b>prvenstvo Evrope u karateu<\/b>. Na prvenstvu nastupa 18 federacija, odnosno 382 takmi\u010dara. . Takmi\u010dari <b>reprezentacije Republike Srpske<\/b> su nakon odra\u0111enih sedmodnevnih priprema u dvorani Borik u odli\u010dnoj formi.<\/p>\n<p>Prvak svijeta u kategoriji do 78 kilograma Boris Popovi\u0107 po\u017eelio je ugodan i prijatan boravak u Banjoj Luci svim reprezentacijama.<\/p>\n<p>Osniva\u010d i predsjednik Svjetske karate federacije Fric Vendland rekao je da o\u010dekuje jedno dobro takmi\u010denje i nada se da \u0107e sve dobro pro\u0107i.<\/p>\n","protected":false},"excerpt":{"rendered":"<p><img loading=\"lazy\" decoding=\"async\" width=\"96\" height=\"119\" align=\"left\" src=\"\/wp-content\/uploads\/articles_images\/20080607184827328_1.jpg\" alt=\"\">Ovog vikenda u sportskoj dvorani Borik u Banjaluci odr\u017eava se <b>prvenstvo Evrope u karateu<\/b>. Na prvenstvu nastupa 18 federacija, odnosno 382 takmi\u010dara. .<\/p>\n","protected":false},"author":74,"featured_media":0,"comment_status":"open","ping_status":"open","sticky":false,"template":"","format":"standard","meta":{"ngg_post_thumbnail":0,"footnotes":""},"categories":[7],"tags":[],"class_list":["post-815","post","type-post","status-publish","format-standard","hentry","category-arhiv"],"_links":{"self":[{"href":"https:\/\/banjalukasport.com\/index.php?rest_route=\/wp\/v2\/posts\/815","targetHints":{"allow":["GET"]}}],"collection":[{"href":"https:\/\/banjalukasport.com\/index.php?rest_route=\/wp\/v2\/posts"}],"about":[{"href":"https:\/\/banjalukasport.com\/index.php?rest_route=\/wp\/v2\/types\/post"}],"author":[{"embeddable":true,"href":"https:\/\/banjalukasport.com\/index.php?rest_route=\/wp\/v2\/users\/74"}],"replies":[{"embeddable":true,"href":"https:\/\/banjalukasport.com\/index.php?rest_route=%2Fwp%2Fv2%2Fcomments&post=815"}],"version-history":[{"count":0,"href":"https:\/\/banjalukasport.com\/index.php?rest_route=\/wp\/v2\/posts\/815\/revisions"}],"wp:attachment":[{"href":"https:\/\/banjalukasport.com\/index.php?rest_route=%2Fwp%2Fv2%2Fmedia&parent=815"}],"wp:term":[{"taxonomy":"category","embeddable":true,"href":"https:\/\/banjalukasport.com\/index.php?rest_route=%2Fwp%2Fv2%2Fcategories&post=815"},{"taxonomy":"post_tag","embeddable":true,"href":"https:\/\/banjalukasport.com\/index.php?rest_route=%2Fwp%2Fv2%2Ftags&post=815"}],"curies":[{"name":"wp","href":"https:\/\/api.w.org\/{rel}","templated":true}]}}