{"id":791,"date":"2008-06-04T06:04:20","date_gmt":"2008-06-04T06:04:20","guid":{"rendered":"https:\/\/banjalukasport.com\/?p=791"},"modified":"2008-06-04T06:04:20","modified_gmt":"2008-06-04T06:04:20","slug":"rukomet-mario-blazevic-se-vratio-u-borac","status":"publish","type":"post","link":"https:\/\/banjalukasport.com\/?p=791","title":{"rendered":"RUKOMET: Mario Bla\u017eevi\u0107 se vratio u Borac"},"content":{"rendered":"<p><img loading=\"lazy\" decoding=\"async\" width=\"105\" height=\"120\" align=\"left\" src=\"\/wp-content\/uploads\/articles_images\/20080604150420477_1.jpg\" alt=\"\"> Nekada\u0161nji golman Borca, <b>Mario Bla\u017eevi\u0107<\/b>, ponovo se vra\u0107a svoj mati\u010dni klub. Bla\u017eevi\u0107 je raskinuo saradnju sa skopskim Vardarom i naredne sezone trebalo bi da bude <b>prvi golman Borca<\/b>.<\/p>\n<p>Bla\u017eevi\u0107 je dugo godina nosio dres Borca, ali nikada nije dobio pravu \u0161ansu, da postane broj 1 golman banjalu\u010dkog tima. Me\u0111utim, svoje kvalitete pokazao je u proteklih nekoliko godina u inostranstvu. Prvo je fantasti\u010dno branio za beogradski Partizan, odatle se otisnuo u portugalsku Madeiru gdje je boravio dvije godine i gdje je bio najbolji golman lige. Posljednju sezonu nastupao je u Vardaru. <\/p>\n<p>Osim njega u Borac bi trebalo da do\u0111e i <b>Boris Grk<\/b> koji igra na poziciji lijevog beka. On je ina\u010de mladi rukometa\u0161 Baska, prvoliga\u0161a Srbije. <\/p>\n<p>Jo\u0161 uvijek nije poznat status sa svim rukometa\u0161ima banjalu\u010dkog kluba iz pro\u0161le sezone, a vode se pregovori i sa <b>trojicom talentovanih igra\u010da<\/b>. <\/p>\n","protected":false},"excerpt":{"rendered":"<p><img loading=\"lazy\" decoding=\"async\" width=\"105\" height=\"120\" align=\"left\" src=\"\/wp-content\/uploads\/articles_images\/20080604150420477_1.jpg\" alt=\"\"> Nekada\u0161nji golman Borca, <b>Mario Bla\u017eevi\u0107<\/b>, ponovo se vra\u0107a svoj mati\u010dni klub. Bla\u017eevi\u0107 je raskinuo saradnju sa skopskim Vardarom i naredne sezone trebalo bi da bude <b>prvi golman Borca<\/b>.<\/p>\n<p>Bla\u017eevi\u0107 je dugo godina nosio dres Borca, ali nikada nije dobio pravu \u0161ansu, da postane broj 1 golman banjalu\u010dkog tima. Me\u0111utim, svoje kvalitete pokazao je u proteklih nekoliko godina u inostranstvu.<\/p>\n","protected":false},"author":74,"featured_media":0,"comment_status":"open","ping_status":"open","sticky":false,"template":"","format":"standard","meta":{"ngg_post_thumbnail":0,"footnotes":""},"categories":[7],"tags":[],"class_list":["post-791","post","type-post","status-publish","format-standard","hentry","category-arhiv"],"_links":{"self":[{"href":"https:\/\/banjalukasport.com\/index.php?rest_route=\/wp\/v2\/posts\/791","targetHints":{"allow":["GET"]}}],"collection":[{"href":"https:\/\/banjalukasport.com\/index.php?rest_route=\/wp\/v2\/posts"}],"about":[{"href":"https:\/\/banjalukasport.com\/index.php?rest_route=\/wp\/v2\/types\/post"}],"author":[{"embeddable":true,"href":"https:\/\/banjalukasport.com\/index.php?rest_route=\/wp\/v2\/users\/74"}],"replies":[{"embeddable":true,"href":"https:\/\/banjalukasport.com\/index.php?rest_route=%2Fwp%2Fv2%2Fcomments&post=791"}],"version-history":[{"count":0,"href":"https:\/\/banjalukasport.com\/index.php?rest_route=\/wp\/v2\/posts\/791\/revisions"}],"wp:attachment":[{"href":"https:\/\/banjalukasport.com\/index.php?rest_route=%2Fwp%2Fv2%2Fmedia&parent=791"}],"wp:term":[{"taxonomy":"category","embeddable":true,"href":"https:\/\/banjalukasport.com\/index.php?rest_route=%2Fwp%2Fv2%2Fcategories&post=791"},{"taxonomy":"post_tag","embeddable":true,"href":"https:\/\/banjalukasport.com\/index.php?rest_route=%2Fwp%2Fv2%2Ftags&post=791"}],"curies":[{"name":"wp","href":"https:\/\/api.w.org\/{rel}","templated":true}]}}