{"id":435,"date":"2008-03-02T14:46:36","date_gmt":"2008-03-02T14:46:36","guid":{"rendered":"https:\/\/banjalukasport.com\/?p=435"},"modified":"2008-03-02T14:46:36","modified_gmt":"2008-03-02T14:46:36","slug":"fudbal-grujic-u-norveskom-mosu","status":"publish","type":"post","link":"https:\/\/banjalukasport.com\/?p=435","title":{"rendered":"FUDBAL: Gruji\u0107 u norve\u0161kom Mosu"},"content":{"rendered":"<p><img loading=\"lazy\" decoding=\"async\" width=\"104\" height=\"120\" align=\"left\" src=\"\/wp-content\/uploads\/articles_images\/20080302234636813_1.jpg\" alt=\"\"> Nekada\u0161nji fudbaler banjalu\u010dkog Borca, <b>Vladan Gruji\u0107<\/b>, karijeru \u0107e nastaviti u Norve\u0161koj. Gruji\u0107 je potpisao ugovor sa <b>norve\u0161kim drugoliga\u0161em, Mosom<\/b>.<\/p>\n<p><b>Ugovor va\u017ei do 2010. godine<\/b>, a s obzirom da je Gruji\u0107 prije mjesec dana produ\u017eio ugovor sa Sarajevom, Norve\u017eani \u0107e mroati da uplate obe\u0161te\u0107enje na ime bordo tima.   Mos je, ina\u010de, <b>u pro\u0161loj sezoni zauzeo peto mjesto na tabeli<\/b>, sa samo dva boda manje od mjesta koje vodi u Prvu ligu Norve\u0161ke.<\/p>\n<p>Vladan Gruji\u0107 je do sada nosio dres Borca, Crvene Zvezde, Kelna, Liteksa, Sarajeva, a bio je i reprezentativac Bosne i Hercegovine. <\/p>\n","protected":false},"excerpt":{"rendered":"<p><img loading=\"lazy\" decoding=\"async\" width=\"104\" height=\"120\" align=\"left\" src=\"\/wp-content\/uploads\/articles_images\/20080302234636813_1.jpg\" alt=\"\"> Nekada\u0161nji fudbaler banjalu\u010dkog Borca, <b>Vladan Gruji\u0107<\/b>, karijeru \u0107e nastaviti u Norve\u0161koj. Gruji\u0107 je potpisao ugovor sa <b>norve\u0161kim drugoliga\u0161em, Mosom<\/b>.<\/p>\n<p><b>Ugovor va\u017ei do 2010. godine<\/b>, a s obzirom da je Gruji\u0107 prije mjesec dana produ\u017eio ugovor sa Sarajevom, Norve\u017eani \u0107e mroati da uplate obe\u0161te\u0107enje na ime bordo tima.  <\/p>\n","protected":false},"author":74,"featured_media":0,"comment_status":"open","ping_status":"open","sticky":false,"template":"","format":"standard","meta":{"ngg_post_thumbnail":0,"footnotes":""},"categories":[7],"tags":[],"class_list":["post-435","post","type-post","status-publish","format-standard","hentry","category-arhiv"],"_links":{"self":[{"href":"https:\/\/banjalukasport.com\/index.php?rest_route=\/wp\/v2\/posts\/435","targetHints":{"allow":["GET"]}}],"collection":[{"href":"https:\/\/banjalukasport.com\/index.php?rest_route=\/wp\/v2\/posts"}],"about":[{"href":"https:\/\/banjalukasport.com\/index.php?rest_route=\/wp\/v2\/types\/post"}],"author":[{"embeddable":true,"href":"https:\/\/banjalukasport.com\/index.php?rest_route=\/wp\/v2\/users\/74"}],"replies":[{"embeddable":true,"href":"https:\/\/banjalukasport.com\/index.php?rest_route=%2Fwp%2Fv2%2Fcomments&post=435"}],"version-history":[{"count":0,"href":"https:\/\/banjalukasport.com\/index.php?rest_route=\/wp\/v2\/posts\/435\/revisions"}],"wp:attachment":[{"href":"https:\/\/banjalukasport.com\/index.php?rest_route=%2Fwp%2Fv2%2Fmedia&parent=435"}],"wp:term":[{"taxonomy":"category","embeddable":true,"href":"https:\/\/banjalukasport.com\/index.php?rest_route=%2Fwp%2Fv2%2Fcategories&post=435"},{"taxonomy":"post_tag","embeddable":true,"href":"https:\/\/banjalukasport.com\/index.php?rest_route=%2Fwp%2Fv2%2Ftags&post=435"}],"curies":[{"name":"wp","href":"https:\/\/api.w.org\/{rel}","templated":true}]}}