{"id":425,"date":"2008-02-29T09:26:53","date_gmt":"2008-02-29T09:26:53","guid":{"rendered":"https:\/\/banjalukasport.com\/?p=425"},"modified":"2008-02-29T09:26:53","modified_gmt":"2008-02-29T09:26:53","slug":"rukomet-golic-trenira-s-borcem-ali-nije-clan-ekipe","status":"publish","type":"post","link":"https:\/\/banjalukasport.com\/?p=425","title":{"rendered":"RUKOMET: Goli\u0107 trenira s Borcem, ali nije \u010dlan ekipe"},"content":{"rendered":"<p><img loading=\"lazy\" decoding=\"async\" width=\"120\" height=\"108\" align=\"left\" src=\"\/wp-content\/uploads\/articles_images\/20080229182653589_1.jpg\" alt=\"\"> Rukometa\u0161i Borca eliminisani su iz Kupa Bosne i Hercegovine. Povrede, ali i nedostatak lidera na parketu i u ekipi su bile kobne za Banjalu\u010dane. Sada crveno &#8211; plave o\u010dekuje nastavak \u0161ampionata i borba za titulu.<\/p>\n<p>Kada je <b>Neboj\u0161a Goli\u0107<\/b> u januaru progovorio i u javnost iznio odnos rukovodstva prema njemu, \u010dinilo se da je kraj Goli\u0107evim nastupima u crveno &#8211; plavom dresu. Me\u0111utim, <b>Ne\u0161o i dalje trenira sa igra\u010dima Borca<\/b>, pa su se pojavile spekulacije oko njegovog ostanka u klubu.<br \/>\n &#8222;<i>Niko me nije kontaktirao iz uprave kluba. Treniram s ekipom, ve\u0107 mjesec i po dana poslije saniranja povrede. Imao sam razgovore koji su vo\u0111eni krajem januara i svi znaju kako su oni zavr\u0161ili. Ne ka\u017eem da ne bih igrao u Borcu, ali u ovom trenutku to je te\u0161ko povjerovati, iako sam spreman za razgovor.<\/i>&#8220;, ka\u017ee za Fokus, iskusni prvotimac, <b>Neboj\u0161a Goli\u0107<\/b><\/p>\n<p>&#8222;<i>Iza mene su tek dva prava treninga i sigurno je da bi mi trebalo vremena da ponovo prona\u0111em pravu formu, ali mogao bih da pomognem, pogotovo u drugom dijelu nastavka premijerliga\u0161ke sezone.<\/i>&#8220;, o povredi i oporavku govori, <b>Neboj\u0161a Goli\u0107<\/b><\/p>\n<p>Potpuna pometnja trenutno vlada u RK Borac. Gotovo da niko ne zna \u0161ta se de\u0161ava sa Goli\u0107evim eventualnim ostankom u klubu. <\/p>\n<p><img loading=\"lazy\" decoding=\"async\" width=\"116\" height=\"120\" align=\"left\" src=\"\/wp-content\/uploads\/articles_images\/20080229182653589_2.jpg\" alt=\"\"> &#8222;<i>Na\u017ealost, transfer Neboj\u0161e Goli\u0107a nije u mom domenu. Koliko znam, tu obavezu na sebe preuzeo je Upravni odbor. Volio bih da imam informaciju, ali iskreno znam koliko i vi.<\/i>&#8220;, ka\u017ee za Fokus, sportski direktor, <b>Boris \u0111ogo<\/b>.<\/p>\n<p><img loading=\"lazy\" decoding=\"async\" width=\"120\" height=\"97\" align=\"left\" src=\"\/wp-content\/uploads\/articles_images\/20080229182653589_3.jpg\" alt=\"\"> &#8222;<i> Ne znam ni\u0161ta, osim da on trenira sa nama. Vjerujem da postoje ljudi u upravi koji misle na budu\u0107nost kluba.<\/i>&#8220;, kratko je za Fokus rekao, trener Borca, <b>Abas Arslanagi\u0107.<\/b><\/p>\n","protected":false},"excerpt":{"rendered":"<p><img loading=\"lazy\" decoding=\"async\" width=\"120\" height=\"108\" align=\"left\" src=\"\/wp-content\/uploads\/articles_images\/20080229182653589_1.jpg\" alt=\"\"> Rukometa\u0161i Borca eliminisani su iz Kupa Bosne i Hercegovine. Povrede, ali i nedostatak lidera na parketu i u ekipi su bile kobne za Banjalu\u010dane. Sada crveno &#8211; plave o\u010dekuje nastavak \u0161ampionata i borba za titulu.<\/p>\n<p>Kada je <b>Neboj\u0161a Goli\u0107<\/b> u januaru progovorio i u javnost iznio odnos rukovodstva prema njemu, \u010dinilo se da je kraj Goli\u0107evim nastupima u crveno &#8211; plavom dresu. Me\u0111utim, <b>Ne\u0161o i dalje trenira sa igra\u010dima Borca<\/b>, pa su se pojavile spekulacije oko njegovog ostanka u klubu. <\/p>\n","protected":false},"author":74,"featured_media":0,"comment_status":"open","ping_status":"open","sticky":false,"template":"","format":"standard","meta":{"ngg_post_thumbnail":0,"footnotes":""},"categories":[7],"tags":[],"class_list":["post-425","post","type-post","status-publish","format-standard","hentry","category-arhiv"],"_links":{"self":[{"href":"https:\/\/banjalukasport.com\/index.php?rest_route=\/wp\/v2\/posts\/425","targetHints":{"allow":["GET"]}}],"collection":[{"href":"https:\/\/banjalukasport.com\/index.php?rest_route=\/wp\/v2\/posts"}],"about":[{"href":"https:\/\/banjalukasport.com\/index.php?rest_route=\/wp\/v2\/types\/post"}],"author":[{"embeddable":true,"href":"https:\/\/banjalukasport.com\/index.php?rest_route=\/wp\/v2\/users\/74"}],"replies":[{"embeddable":true,"href":"https:\/\/banjalukasport.com\/index.php?rest_route=%2Fwp%2Fv2%2Fcomments&post=425"}],"version-history":[{"count":0,"href":"https:\/\/banjalukasport.com\/index.php?rest_route=\/wp\/v2\/posts\/425\/revisions"}],"wp:attachment":[{"href":"https:\/\/banjalukasport.com\/index.php?rest_route=%2Fwp%2Fv2%2Fmedia&parent=425"}],"wp:term":[{"taxonomy":"category","embeddable":true,"href":"https:\/\/banjalukasport.com\/index.php?rest_route=%2Fwp%2Fv2%2Fcategories&post=425"},{"taxonomy":"post_tag","embeddable":true,"href":"https:\/\/banjalukasport.com\/index.php?rest_route=%2Fwp%2Fv2%2Ftags&post=425"}],"curies":[{"name":"wp","href":"https:\/\/api.w.org\/{rel}","templated":true}]}}