{"id":418,"date":"2008-02-28T12:27:16","date_gmt":"2008-02-28T12:27:16","guid":{"rendered":"https:\/\/banjalukasport.com\/?p=418"},"modified":"2008-02-28T12:27:16","modified_gmt":"2008-02-28T12:27:16","slug":"biciklizam-bsk-u-hrvatskoj","status":"publish","type":"post","link":"https:\/\/banjalukasport.com\/?p=418","title":{"rendered":"BICIKLIZAM: BSK u Hrvatskoj"},"content":{"rendered":"<p><img loading=\"lazy\" decoding=\"async\" width=\"73\" height=\"120\" align=\"left\" src=\"\/wp-content\/uploads\/articles_images\/20080228212716683_1.jpg\" alt=\"\"> Dok ve\u0107ina sportskih kolektiva u Banjaluci zavr\u0161avaju zimske pripreme, <b>biciklisti BSK-a, ju\u010de su prekinuli zimsku pauzu.<\/b><\/p>\n<p>Banjalu\u010dki biciklisti su <b>otputovali u Hrvatsku<\/b>, gdje \u0107e odraditi pripreme, kako bi \u0161to spremnije do\u010dekali po\u010detak biciklisti\u010dke sezone.<br \/>\n &#8222;<i> Boravi\u0107emo na sedmodnevnim pripremama u Podgori kod Makarske i tu \u0107emo odraditi bazi\u010dne pripreme, raditi na sticanju kondicije i s obzirom na dobre vremenske uslove na Jadranu, vozi\u0107emo neke kra\u0107e staze i postepeno poja\u010davati ritam i napore. <\/i>&#8220;, izjavio je za Glas Srpske, trener BSK-a, <b>Ne\u0111o Benkovi\u0107<\/b>.<\/p>\n<p>Put Hrvatske krenuli su: Bojan Boji\u0107, Neboj\u0161a Babi\u0107, Mile Kova\u010d, Slavi\u0161a Erbez i Sanjin Durmi\u0161evi\u0107, kao i trener Ne\u0111o Benkovi\u0107. U narednoj sezoni Banjalu\u010dane o\u010dekuju nastupi u <b>\u0161ampionatima RS i BiH, kao i ligi Srbije<\/b>. <\/p>\n","protected":false},"excerpt":{"rendered":"<p><img loading=\"lazy\" decoding=\"async\" width=\"73\" height=\"120\" align=\"left\" src=\"\/wp-content\/uploads\/articles_images\/20080228212716683_1.jpg\" alt=\"\"> Dok ve\u0107ina sportskih kolektiva u Banjaluci zavr\u0161avaju zimske pripreme, <b>biciklisti BSK-a, ju\u010de su prekinuli zimsku pauzu.<\/b><\/p>\n<p>Banjalu\u010dki biciklisti su <b>otputovali u Hrvatsku<\/b>, gdje \u0107e odraditi pripreme, kako bi \u0161to spremnije do\u010dekali po\u010detak biciklisti\u010dke sezone.<\/p>\n","protected":false},"author":74,"featured_media":0,"comment_status":"open","ping_status":"open","sticky":false,"template":"","format":"standard","meta":{"ngg_post_thumbnail":0,"footnotes":""},"categories":[7],"tags":[],"class_list":["post-418","post","type-post","status-publish","format-standard","hentry","category-arhiv"],"_links":{"self":[{"href":"https:\/\/banjalukasport.com\/index.php?rest_route=\/wp\/v2\/posts\/418","targetHints":{"allow":["GET"]}}],"collection":[{"href":"https:\/\/banjalukasport.com\/index.php?rest_route=\/wp\/v2\/posts"}],"about":[{"href":"https:\/\/banjalukasport.com\/index.php?rest_route=\/wp\/v2\/types\/post"}],"author":[{"embeddable":true,"href":"https:\/\/banjalukasport.com\/index.php?rest_route=\/wp\/v2\/users\/74"}],"replies":[{"embeddable":true,"href":"https:\/\/banjalukasport.com\/index.php?rest_route=%2Fwp%2Fv2%2Fcomments&post=418"}],"version-history":[{"count":0,"href":"https:\/\/banjalukasport.com\/index.php?rest_route=\/wp\/v2\/posts\/418\/revisions"}],"wp:attachment":[{"href":"https:\/\/banjalukasport.com\/index.php?rest_route=%2Fwp%2Fv2%2Fmedia&parent=418"}],"wp:term":[{"taxonomy":"category","embeddable":true,"href":"https:\/\/banjalukasport.com\/index.php?rest_route=%2Fwp%2Fv2%2Fcategories&post=418"},{"taxonomy":"post_tag","embeddable":true,"href":"https:\/\/banjalukasport.com\/index.php?rest_route=%2Fwp%2Fv2%2Ftags&post=418"}],"curies":[{"name":"wp","href":"https:\/\/api.w.org\/{rel}","templated":true}]}}