{"id":411,"date":"2008-02-26T12:28:24","date_gmt":"2008-02-26T12:28:24","guid":{"rendered":"https:\/\/banjalukasport.com\/?p=411"},"modified":"2008-02-26T12:28:24","modified_gmt":"2008-02-26T12:28:24","slug":"fudbal-i-dalje-razmirice-izmedu-odovica-i-jagodica","status":"publish","type":"post","link":"https:\/\/banjalukasport.com\/?p=411","title":{"rendered":"FUDBAL: I dalje razmirice izme\u0111u Odovi\u0107a i Jagodi\u0107a"},"content":{"rendered":"<p><img loading=\"lazy\" decoding=\"async\" width=\"85\" height=\"120\" align=\"left\" src=\"\/wp-content\/uploads\/articles_images\/20080226212824654_1.jpg\" alt=\"\"> Fudbaleri banjalu\u010dkog Borca odli\u010dno su zapo\u010deli drugi dio sezone. Pobjedom nad Leotarom 3-2 plasirali su se u polufinale Kupa RS i na najbolji mogu\u0107i na\u010din najavili borbu za \u0161ampionsku titulu u Prvoj ligi RS.<\/p>\n<p>Me\u0111utim, razmimoila\u017eenja izme\u0111u \u0161efa stru\u010dnog \u0161taba Borca, Milomira Odovi\u0107a. i sportskog direktora kluba, Vlade Jagodi\u0107a, remete fudbalsku idolu na Gradskom stadionu.   <\/p>\n<p><img loading=\"lazy\" decoding=\"async\" width=\"152\" height=\"120\" align=\"left\" src=\"\/wp-content\/uploads\/articles_images\/20080226212824654_2.jpg\" alt=\"\"> &#8220;<i> Kada sam dolazio u Borac dobio sam uvjeravanja da imam apsolutnu slobodu u radu i stvarima vezanim za prvu ekipu. Ne tra\u017eim ni\u0161ta drugo, nego da se to ispo\u0161tuje. U toku ove nedjelje o\u010dekujem razgovore sa rukovodstvom kluba kako bi se te stvari izvele na \u010distac. Ovakva situacija, kakva je danas, ne odgovara nikome, a najmanje interesima Borca. <\/i>&#8221; isti\u010de za Fokus, \u0161ef stru\u010dnog \u0161taba Borca, Milomir Odovi\u0107.<\/p>\n","protected":false},"excerpt":{"rendered":"<p><img loading=\"lazy\" decoding=\"async\" width=\"85\" height=\"120\" align=\"left\" src=\"\/wp-content\/uploads\/articles_images\/20080226212824654_1.jpg\" alt=\"\"> Fudbaleri banjalu\u010dkog Borca odli\u010dno su zapo\u010deli drugi dio sezone. Pobjedom nad Leotarom 3-2 plasirali su se u polufinale Kupa RS i na najbolji mogu\u0107i na\u010din najavili borbu za \u0161ampionsku titulu u Prvoj ligi RS.<\/p>\n<p>Me\u0111utim, razmimoila\u017eenja izme\u0111u \u0161efa stru\u010dnog \u0161taba Borca, Milomira Odovi\u0107a. i sportskog direktora kluba, Vlade Jagodi\u0107a, remete fudbalsku idolu na Gradskom stadionu.  <\/p>\n","protected":false},"author":74,"featured_media":0,"comment_status":"open","ping_status":"open","sticky":false,"template":"","format":"standard","meta":{"ngg_post_thumbnail":0,"footnotes":""},"categories":[7],"tags":[],"class_list":["post-411","post","type-post","status-publish","format-standard","hentry","category-arhiv"],"_links":{"self":[{"href":"https:\/\/banjalukasport.com\/index.php?rest_route=\/wp\/v2\/posts\/411","targetHints":{"allow":["GET"]}}],"collection":[{"href":"https:\/\/banjalukasport.com\/index.php?rest_route=\/wp\/v2\/posts"}],"about":[{"href":"https:\/\/banjalukasport.com\/index.php?rest_route=\/wp\/v2\/types\/post"}],"author":[{"embeddable":true,"href":"https:\/\/banjalukasport.com\/index.php?rest_route=\/wp\/v2\/users\/74"}],"replies":[{"embeddable":true,"href":"https:\/\/banjalukasport.com\/index.php?rest_route=%2Fwp%2Fv2%2Fcomments&post=411"}],"version-history":[{"count":0,"href":"https:\/\/banjalukasport.com\/index.php?rest_route=\/wp\/v2\/posts\/411\/revisions"}],"wp:attachment":[{"href":"https:\/\/banjalukasport.com\/index.php?rest_route=%2Fwp%2Fv2%2Fmedia&parent=411"}],"wp:term":[{"taxonomy":"category","embeddable":true,"href":"https:\/\/banjalukasport.com\/index.php?rest_route=%2Fwp%2Fv2%2Fcategories&post=411"},{"taxonomy":"post_tag","embeddable":true,"href":"https:\/\/banjalukasport.com\/index.php?rest_route=%2Fwp%2Fv2%2Ftags&post=411"}],"curies":[{"name":"wp","href":"https:\/\/api.w.org\/{rel}","templated":true}]}}