{"id":406,"date":"2008-02-25T13:41:56","date_gmt":"2008-02-25T13:41:56","guid":{"rendered":"https:\/\/banjalukasport.com\/?p=406"},"modified":"2008-02-25T13:41:56","modified_gmt":"2008-02-25T13:41:56","slug":"fudbal-benic-pojacao-laktase","status":"publish","type":"post","link":"https:\/\/banjalukasport.com\/?p=406","title":{"rendered":"FUDBAL: Beni\u0107 poja\u010dao Lakta\u0161e"},"content":{"rendered":"<p><img loading=\"lazy\" decoding=\"async\" width=\"120\" height=\"90\" align=\"left\" src=\"\/wp-content\/uploads\/articles_images\/20080225224156834_1.jpg\" alt=\"\"> Dugogodi\u0161nji fudbaler banjalu\u010dkog Borca, <b>Dragan Beni\u0107, poja\u010dao je premijerliga\u0161a BiH, Lakta\u0161e<\/b>. Beni\u0107 je stigao samo sedam dana prije po\u010detka drugog dijela prvenstva BiH.<\/p>\n<p>Iskusni napada\u010d je bio blizu prelaska u redove mostarskog Vele\u017ea, a za njega je zainteresovan bio i Go\u0161k iz Gabele. Me\u0111utim, na kraju se Banjalu\u010danin odlu\u010dio za Lakta\u0161e. &#8220;<i>Ta\u010dno je da sam pristupio Lakta\u0161ima. Potpisao sam jednogodi\u0161nji ugovor, u kome postoji klauzula da u slu\u010daju neke inostrane ponude u junu, mogu da napustim klub. Vjerujem da \u0107e Lakta\u0161i ostvariti svoj primarni cilj, opstanak u Premijer ligi BiH. Znam ve\u0107inu igra\u010da i ne\u0107e biti problema oko adaptacije na nove klupske drugove. <\/i>&#8220;, izjavio je za Blic, <b>Dragan Beni\u0107<\/b>. <\/p>\n","protected":false},"excerpt":{"rendered":"<p><img loading=\"lazy\" decoding=\"async\" width=\"120\" height=\"90\" align=\"left\" src=\"\/wp-content\/uploads\/articles_images\/20080225224156834_1.jpg\" alt=\"\"> Dugogodi\u0161nji fudbaler banjalu\u010dkog Borca, <b>Dragan Beni\u0107, poja\u010dao je premijerliga\u0161a BiH, Lakta\u0161e<\/b>. Beni\u0107 je stigao samo sedam dana prije po\u010detka drugog dijela prvenstva BiH.<\/p>\n<p>Iskusni napada\u010d je bio blizu prelaska u redove mostarskog Vele\u017ea, a za njega je zainteresovan bio i Go\u0161k iz Gabele. Me\u0111utim, na kraju se Banjalu\u010danin odlu\u010dio za Lakta\u0161e.<\/p>\n","protected":false},"author":74,"featured_media":0,"comment_status":"open","ping_status":"open","sticky":false,"template":"","format":"standard","meta":{"ngg_post_thumbnail":0,"footnotes":""},"categories":[7],"tags":[],"class_list":["post-406","post","type-post","status-publish","format-standard","hentry","category-arhiv"],"_links":{"self":[{"href":"https:\/\/banjalukasport.com\/index.php?rest_route=\/wp\/v2\/posts\/406","targetHints":{"allow":["GET"]}}],"collection":[{"href":"https:\/\/banjalukasport.com\/index.php?rest_route=\/wp\/v2\/posts"}],"about":[{"href":"https:\/\/banjalukasport.com\/index.php?rest_route=\/wp\/v2\/types\/post"}],"author":[{"embeddable":true,"href":"https:\/\/banjalukasport.com\/index.php?rest_route=\/wp\/v2\/users\/74"}],"replies":[{"embeddable":true,"href":"https:\/\/banjalukasport.com\/index.php?rest_route=%2Fwp%2Fv2%2Fcomments&post=406"}],"version-history":[{"count":0,"href":"https:\/\/banjalukasport.com\/index.php?rest_route=\/wp\/v2\/posts\/406\/revisions"}],"wp:attachment":[{"href":"https:\/\/banjalukasport.com\/index.php?rest_route=%2Fwp%2Fv2%2Fmedia&parent=406"}],"wp:term":[{"taxonomy":"category","embeddable":true,"href":"https:\/\/banjalukasport.com\/index.php?rest_route=%2Fwp%2Fv2%2Fcategories&post=406"},{"taxonomy":"post_tag","embeddable":true,"href":"https:\/\/banjalukasport.com\/index.php?rest_route=%2Fwp%2Fv2%2Ftags&post=406"}],"curies":[{"name":"wp","href":"https:\/\/api.w.org\/{rel}","templated":true}]}}