{"id":398,"date":"2008-02-21T11:07:00","date_gmt":"2008-02-21T11:07:00","guid":{"rendered":"https:\/\/banjalukasport.com\/?p=398"},"modified":"2008-02-21T11:07:00","modified_gmt":"2008-02-21T11:07:00","slug":"fudbal-katastrofalno-stanje-u-banjaluckom-fudbalu","status":"publish","type":"post","link":"https:\/\/banjalukasport.com\/?p=398","title":{"rendered":"FUDBAL: Katastrofalno stanje u banjalu\u010dkom fudbalu"},"content":{"rendered":"<p><img loading=\"lazy\" decoding=\"async\" width=\"120\" height=\"87\" align=\"left\" src=\"\/wp-content\/uploads\/articles_images\/20080221200700718_1.jpg\" alt=\"\"> Ovo je generacija Borca koja je proslavila klub i grad na Vrbasu, <b>osvajanjem Kupa SFRJ 1988. godine<\/b>. U Banjaluci se dugo godina  igrao elitni fudbal u biv\u0161oj Jugoslaviji. Na Gradski stadion dolazili su <b>Crvena Zvezda, Partizan, Dinamo, Hajduk&#8230;<\/b> <\/p>\n<p>Me\u0111utim, sada <b>Borac ne igra ni Premijer ligu BiH<\/b>, a nakon jesenjeg dijela \u0161ampionata nije sigurno ni ho\u0107e li se kroz ligu RS vratiti u ligu BiH. Banjalu\u010dki fudbal je na najte\u017eim granama. Odavno se nije desio ovakav pad kvaliteta banjalu\u010dkog fudbala. Me\u0111utim, nije jedino Borac u kriti\u010dnoj situaciji.<br \/>\n Dugogodi\u0161nji \u010dlan Prve lige Republike Srpske, <b>Omladinac<\/b>, izgubio je status prvoliga\u0161a, a ve\u0107 nakon protekle jeseni sigurno je da \u0107e se preseliti i u Tre\u0107u ligu. <\/p>\n<p>Zabilje\u017een je i evidentan pad <b>Naprijeda i \u00aeeljezni\u010dara<\/b>. Obe ekipe su ispale iz drugoliga\u0161kog dru\u0161tva RS, pa se sada takmi\u010de u Tre\u0107oj ligi RS.<\/p>\n<p>Za sada <b>BSK<\/b> odolijeva brojnim problemima, pa je i dalje \u010dlan Prve lige RS, dok se  Krajina i Lau\u0161, barem za sada, odr\u017eavaju u Drugoj ligi RS.<\/p>\n<p>U nastavku Vam donosimo mi\u0161ljenja rukovodstva banjalu\u010dkih klubova o ovako te\u0161koj situaciji u na\u0161em fudbalu. <\/p>\n<p><img loading=\"lazy\" decoding=\"async\" width=\"82\" height=\"111\" align=\"left\" src=\"\/wp-content\/uploads\/articles_images\/20080221200700718_2.jpg\" alt=\"\"> &#8222;<i> Vi\u0161e je faktora koji su razlog za krizu banjalu\u010dkog fudbala, a samim tim i Borca. Na ovu situaciju uticali su uslovi za rad, finansije, slaba organizacija rukovode\u0107eg kadra. De\u0161avalo se \u010dak da klubovi imaju rije\u0161enu nov\u010danu situaciju, ali je rukovode\u0107a struktura bila slaba. Posljednjih godina malo se cijenio rad struke, a klubovima su rukovodili ljudi koji nisu ranije imali mnogo dodirnih ta\u010daka sa fudbalom. Sve su to razlozi za\u0161zo se je fudbal spao na niske grane. Vjerujem da se trenutno stanje mo\u017ee popraviti. Konkrento, u Borcu \u0107emo se narednih godina oslanjati na vlastitu \u0161kolu. Uz to, moraju da se poprave i uslovi za rad, a tu prvenstveno mislim na pomo\u0107ne terene, koji su veoma va\u017eni za funkcionisanje svih klubova.<\/i>&#8220;, ka\u017ee za Glas Srpske, sportski direktor Borca, <b>Vlado Jagodi\u0107<\/b>. <\/p>\n<p><img loading=\"lazy\" decoding=\"async\" width=\"79\" height=\"120\" align=\"left\" src=\"\/wp-content\/uploads\/articles_images\/20080221200700718_3.jpg\" alt=\"\"> &#8222;<i>Kriza u Omladincu traje ve\u0107 desetak godina, ali je kulminirala pro\u0161le godine. Klubovi ve\u0107 dugo rade u veoma te\u0161kim uslovima, kako finansijskim, tako i organizacionim. Previ\u0161e je bilo improvizacije i ve\u0107ina je gledala kako da pregrmi teku\u0107u sezonu, a niko nije pravio dugoro\u010dnu politiku. Za to vrijeme kadrovi su se &#8222;\u0161etali&#8220; iz jednog u drugi klub. Problem je i \u0161to su privrednici koji su mogli pomo\u0107i fudbalu, oti\u0161li u druge sportove. Uz sve to apsurdna je \u010dinjenica da gotovo svi banjalu\u010dki klubovi igraju utakmice na glavnim terenima, koji im ujedno slu\u017ee i za trening. Kriza se mo\u017ee prevazi\u0107i tako \u0161to \u0107e se prvo napraviti zelene povr\u0161ine na kojima \u0107e se mo\u0107i trenirati, a zatim se mora krenuti sa organizovanjem \u0161kola fudbala, koje \u0107e tek za pet, \u0161est ili sedam godina dati prave rzeultate. To je jedini i ispravan put.<\/i>&#8220;, ka\u017ee za Glas Srpske, predsjednik Skup\u0161tine Omladinca, <b>Milorad Slavni\u0107<\/b>.<\/p>\n<p><img loading=\"lazy\" decoding=\"async\" width=\"120\" height=\"100\" align=\"left\" src=\"\/wp-content\/uploads\/articles_images\/20080221200700718_4.jpg\" alt=\"\"> &#8222;<i>Uz veoma lo\u0161e uslove i nedovoljnu kadrovsku organizaciju po klubovima krivac je nekvalitetan rad ljudi koji su vodili takmi\u010denja. Bilo je dosta propusta i malverzacija u svim ligama, a GFS i PFS Banjaluka, nisu imali ljude na odgovaraju\u0107im funkcijama koji bi za\u0161titili interese klubova. Prvi dio sezone pokazuje da je sada\u0161nje rukovodstvo preduzelo odgovaraju\u0107e korake, \u0161to pokazuju regularni uslovi za igru na gotovo svim terenima. Mi u Naprijedu nismo tragi\u010dno shvatili ispadanje iz Druge lige, ve\u0107 smo, zahvaljuju\u0107i agilnom predsjedniku Branku Kova\u010devi\u0107u, zasukali rukave, konsolidovali redove i vjerujem da \u0107emo se uspjeti ve\u0107 ove sezone vratiti me\u0111u drugoliga\u0161e.<\/i>&#8220;, istakao je za Glas Srpske, potpredsjednik Naprijeda, <b>Vlado \u00a9evarika.<\/b> <\/p>\n<p><img loading=\"lazy\" decoding=\"async\" width=\"120\" height=\"120\" align=\"left\" src=\"\/wp-content\/uploads\/articles_images\/20080221200700718_5.jpg\" alt=\"\"> &#8222;<i>Na\u0161a sre\u0107a je \u0161to imamo odli\u010dan rad u omladinskoj \u0161koli iz koje je stasala ve\u0107ina igra\u010da koji sada nose dres prvog tima. Rije\u010d je o fudbalerima koji u prosjeku imaju po 20 godina. A, \u0161to se ti\u010de krize banjalu\u010dkog fudbala, najve\u0107i razlog za to je veoma te\u0161ka nov\u010dana situacija, lo\u0161i uslovi za rad, ali i slab stru\u010dni kadar. Uzmimo, na primjer, Borac, koji ima uglavnom rije\u0161eno finansiranje, ali posljednjih godina imao je puno problema sa rukovode\u0107im kadrom. Tako se de\u0161avalo da igra\u010di poput Ljubojevi\u0107a, Gruji\u0107a, Tadi\u0107a, Beni\u0107a, Mrkobrade&#8230; pro\u0111u pokraj Gradskog stadiona i zavr\u0161e u drugim klubovima. A, kada bi svi oni zajedno zaigrali ponovo u Borcu, on bi bio bez premca u BiH. Tada bi i ostalim banjalu\u010dkim klubovima bilo puno lak\u0161e.<\/i>&#8220;, smatra za Glas Srpske, sportski direktor Bska, <b>Novo Damjanovi\u0107<\/b>. <\/p>\n","protected":false},"excerpt":{"rendered":"<p><img loading=\"lazy\" decoding=\"async\" width=\"120\" height=\"87\" align=\"left\" src=\"\/wp-content\/uploads\/articles_images\/20080221200700718_1.jpg\" alt=\"\"> Ovo je generacija Borca koja je proslavila klub i grad na Vrbasu, <b>osvajanjem Kupa SFRJ 1988. godine<\/b>. U Banjaluci se dugo godina  igrao elitni fudbal u biv\u0161oj Jugoslaviji. Na Gradski stadion dolazili su <b>Crvena Zvezda, Partizan, Dinamo, Hajduk&#8230;<\/b> <\/p>\n<p>Me\u0111utim, sada <b>Borac ne igra ni Premijer ligu BiH<\/b>, a nakon jesenjeg dijela \u0161ampionata nije sigurno ni ho\u0107e li se kroz ligu RS vratiti u ligu BiH. Banjalu\u010dki fudbal je na najte\u017eim granama. Odavno se nije desio ovakav pad kvaliteta banjalu\u010dkog fudbala. Me\u0111utim, nije jedino Borac u kriti\u010dnoj situaciji.<\/p>\n","protected":false},"author":74,"featured_media":0,"comment_status":"open","ping_status":"open","sticky":false,"template":"","format":"standard","meta":{"ngg_post_thumbnail":0,"footnotes":""},"categories":[7],"tags":[],"class_list":["post-398","post","type-post","status-publish","format-standard","hentry","category-arhiv"],"_links":{"self":[{"href":"https:\/\/banjalukasport.com\/index.php?rest_route=\/wp\/v2\/posts\/398","targetHints":{"allow":["GET"]}}],"collection":[{"href":"https:\/\/banjalukasport.com\/index.php?rest_route=\/wp\/v2\/posts"}],"about":[{"href":"https:\/\/banjalukasport.com\/index.php?rest_route=\/wp\/v2\/types\/post"}],"author":[{"embeddable":true,"href":"https:\/\/banjalukasport.com\/index.php?rest_route=\/wp\/v2\/users\/74"}],"replies":[{"embeddable":true,"href":"https:\/\/banjalukasport.com\/index.php?rest_route=%2Fwp%2Fv2%2Fcomments&post=398"}],"version-history":[{"count":0,"href":"https:\/\/banjalukasport.com\/index.php?rest_route=\/wp\/v2\/posts\/398\/revisions"}],"wp:attachment":[{"href":"https:\/\/banjalukasport.com\/index.php?rest_route=%2Fwp%2Fv2%2Fmedia&parent=398"}],"wp:term":[{"taxonomy":"category","embeddable":true,"href":"https:\/\/banjalukasport.com\/index.php?rest_route=%2Fwp%2Fv2%2Fcategories&post=398"},{"taxonomy":"post_tag","embeddable":true,"href":"https:\/\/banjalukasport.com\/index.php?rest_route=%2Fwp%2Fv2%2Ftags&post=398"}],"curies":[{"name":"wp","href":"https:\/\/api.w.org\/{rel}","templated":true}]}}