{"id":381,"date":"2008-02-14T13:33:06","date_gmt":"2008-02-14T13:33:06","guid":{"rendered":"https:\/\/banjalukasport.com\/?p=381"},"modified":"2008-02-14T13:33:06","modified_gmt":"2008-02-14T13:33:06","slug":"fudbal-reprezentacija-bih-u-banjaluci","status":"publish","type":"post","link":"https:\/\/banjalukasport.com\/?p=381","title":{"rendered":"FUDBAL: Reprezentacija BiH u Banjaluci"},"content":{"rendered":"<p><img loading=\"lazy\" decoding=\"async\" width=\"120\" height=\"120\" align=\"left\" src=\"\/wp-content\/uploads\/articles_images\/20080214223306415_1.jpg\" alt=\"\"> <b>Fudbalska reprezentacija Bosne i Hercegovine do sada nikada nije igrala utakmicu na Gradskom stadionu u Banjaluci<\/b>. Najve\u0107i razlog zbog kojeg su u Fudbalskom savezu BiH izbjegavali odigravanje ovakvih me\u010deva je politi\u010dke prirode, odnosno, \u010dinjenica da BH tim sigurno ne bih imao podr\u0161ku u Banjaluci.<\/p>\n<p>Me\u0111utim, mo\u017eda je mogu\u0107e da u budu\u0107nosti fudbaleri BiH zaigraju i u Banjaluci. Optimista je selektor, <b>Meho Kodro<\/b>, koji je i za\u010detnik te ideje. &#8220;<i>Nisam prepreka da selekcija igra i u ostalim gradovima u BiH, pa i u Republici Srpskoj, Volio bih da uskoro odigramo i neku utakmicu u Banjaluci. Da se ja pitam, to bi do sada bilo ura\u0111eno, ali politika je u prvom planu, pa je to bilo nerealno o\u010dekivati.<\/i>&#8220;, izjavio je za Mondo, selektor BiH, <b>Meho Kodro<\/b>.<\/p>\n","protected":false},"excerpt":{"rendered":"<p><img loading=\"lazy\" decoding=\"async\" width=\"120\" height=\"120\" align=\"left\" src=\"\/wp-content\/uploads\/articles_images\/20080214223306415_1.jpg\" alt=\"\"> <b>Fudbalska reprezentacija Bosne i Hercegovine do sada nikada nije igrala utakmicu na Gradskom stadionu u Banjaluci<\/b>. Najve\u0107i razlog zbog kojeg su u Fudbalskom savezu BiH izbjegavali odigravanje ovakvih me\u010deva je politi\u010dke prirode, odnosno, \u010dinjenica da BH tim sigurno ne bih imao podr\u0161ku u Banjaluci.<\/p>\n<p>Me\u0111utim, mo\u017eda je mogu\u0107e da u budu\u0107nosti fudbaleri BiH zaigraju i u Banjaluci. Optimista je selektor, <b>Meho Kodro<\/b>, koji je i za\u010detnik te ideje.<\/p>\n","protected":false},"author":74,"featured_media":0,"comment_status":"open","ping_status":"open","sticky":false,"template":"","format":"standard","meta":{"ngg_post_thumbnail":0,"footnotes":""},"categories":[7],"tags":[],"class_list":["post-381","post","type-post","status-publish","format-standard","hentry","category-arhiv"],"_links":{"self":[{"href":"https:\/\/banjalukasport.com\/index.php?rest_route=\/wp\/v2\/posts\/381","targetHints":{"allow":["GET"]}}],"collection":[{"href":"https:\/\/banjalukasport.com\/index.php?rest_route=\/wp\/v2\/posts"}],"about":[{"href":"https:\/\/banjalukasport.com\/index.php?rest_route=\/wp\/v2\/types\/post"}],"author":[{"embeddable":true,"href":"https:\/\/banjalukasport.com\/index.php?rest_route=\/wp\/v2\/users\/74"}],"replies":[{"embeddable":true,"href":"https:\/\/banjalukasport.com\/index.php?rest_route=%2Fwp%2Fv2%2Fcomments&post=381"}],"version-history":[{"count":0,"href":"https:\/\/banjalukasport.com\/index.php?rest_route=\/wp\/v2\/posts\/381\/revisions"}],"wp:attachment":[{"href":"https:\/\/banjalukasport.com\/index.php?rest_route=%2Fwp%2Fv2%2Fmedia&parent=381"}],"wp:term":[{"taxonomy":"category","embeddable":true,"href":"https:\/\/banjalukasport.com\/index.php?rest_route=%2Fwp%2Fv2%2Fcategories&post=381"},{"taxonomy":"post_tag","embeddable":true,"href":"https:\/\/banjalukasport.com\/index.php?rest_route=%2Fwp%2Fv2%2Ftags&post=381"}],"curies":[{"name":"wp","href":"https:\/\/api.w.org\/{rel}","templated":true}]}}