{"id":371,"date":"2008-02-26T13:24:12","date_gmt":"2008-02-26T13:24:12","guid":{"rendered":"https:\/\/banjalukasport.com\/?p=371"},"modified":"2008-02-26T13:24:12","modified_gmt":"2008-02-26T13:24:12","slug":"fudbal-odovicu-maksimalna-podrska","status":"publish","type":"post","link":"https:\/\/banjalukasport.com\/?p=371","title":{"rendered":"FUDBAL: Odovi\u0107u maksimalna podr\u0161ka"},"content":{"rendered":"<p><img loading=\"lazy\" decoding=\"async\" width=\"113\" height=\"120\" align=\"left\" src=\"\/wp-content\/uploads\/articles_images\/20080226222412943_1.jpg\" alt=\"\"> Mogli ste da pro\u010ditate na na\u0161em portalu kako u Sportsko fudbalskom preduze\u0107u Borac i dalje postoje razmirice izme\u0111u \u0161efa stru\u010dnog \u0161taba, Milomira Odovi\u0107a, i sportskog direktora, Vlade Jagodi\u0107a. <\/p>\n<p>Me\u0111utim, \u010dini se da je kona\u010dno spu\u0161tena zavjesa na ovu pri\u010du. <b>Predsjednik Borca, Milorad Janjetovi\u0107, isti\u010de da Milomir Odovi\u0107 ima podr\u0161ku Skup\u0161tine kluba.<\/b><br \/>\n &#8220;<i>Tako je bilo i kada smo ga jesenas doveli, tako je i pred nastavak fudbalskog prolje\u0107a u Prvoj ligi Republike Srpske. Sigurni smo da \u0107emo pod njegovim patronatom uspjeti da osvojimo titulu i da \u0107emo se plasirati na premijerliga\u0161ku scenu BiH.<\/i>&#8220;, isit\u010de za Fokus, predsjednik Borca, <b>Milorad Janjetovi\u0107<\/b>.<\/p>\n<p>Prema Janjetovi\u0107evom mi\u0161ljenju, Odovi\u0107, je najodgovorniji za rezultat i zbog toga se <b>bez njegovog odborenja vi\u0161e ne\u0107e dovoditi igra\u010di u Borac.<\/b> <\/p>\n","protected":false},"excerpt":{"rendered":"<p><img loading=\"lazy\" decoding=\"async\" width=\"113\" height=\"120\" align=\"left\" src=\"\/wp-content\/uploads\/articles_images\/20080226222412943_1.jpg\" alt=\"\"> Mogli ste da pro\u010ditate na na\u0161em portalu kako u Sportsko fudbalskom preduze\u0107u Borac i dalje postoje razmirice izme\u0111u \u0161efa stru\u010dnog \u0161taba, Milomira Odovi\u0107a, i sportskog direktora, Vlade Jagodi\u0107a. <\/p>\n<p>Me\u0111utim, \u010dini se da je kona\u010dno spu\u0161tena zavjesa na ovu pri\u010du. <b>Predsjednik Borca, Milorad Janjetovi\u0107, isti\u010de da Milomir Odovi\u0107 ima podr\u0161ku Skup\u0161tine kluba.<\/b><\/p>\n","protected":false},"author":74,"featured_media":0,"comment_status":"open","ping_status":"open","sticky":false,"template":"","format":"standard","meta":{"ngg_post_thumbnail":0,"footnotes":""},"categories":[7],"tags":[],"class_list":["post-371","post","type-post","status-publish","format-standard","hentry","category-arhiv"],"_links":{"self":[{"href":"https:\/\/banjalukasport.com\/index.php?rest_route=\/wp\/v2\/posts\/371","targetHints":{"allow":["GET"]}}],"collection":[{"href":"https:\/\/banjalukasport.com\/index.php?rest_route=\/wp\/v2\/posts"}],"about":[{"href":"https:\/\/banjalukasport.com\/index.php?rest_route=\/wp\/v2\/types\/post"}],"author":[{"embeddable":true,"href":"https:\/\/banjalukasport.com\/index.php?rest_route=\/wp\/v2\/users\/74"}],"replies":[{"embeddable":true,"href":"https:\/\/banjalukasport.com\/index.php?rest_route=%2Fwp%2Fv2%2Fcomments&post=371"}],"version-history":[{"count":0,"href":"https:\/\/banjalukasport.com\/index.php?rest_route=\/wp\/v2\/posts\/371\/revisions"}],"wp:attachment":[{"href":"https:\/\/banjalukasport.com\/index.php?rest_route=%2Fwp%2Fv2%2Fmedia&parent=371"}],"wp:term":[{"taxonomy":"category","embeddable":true,"href":"https:\/\/banjalukasport.com\/index.php?rest_route=%2Fwp%2Fv2%2Fcategories&post=371"},{"taxonomy":"post_tag","embeddable":true,"href":"https:\/\/banjalukasport.com\/index.php?rest_route=%2Fwp%2Fv2%2Ftags&post=371"}],"curies":[{"name":"wp","href":"https:\/\/api.w.org\/{rel}","templated":true}]}}