{"id":362,"date":"2008-02-08T09:46:52","date_gmt":"2008-02-08T09:46:52","guid":{"rendered":"https:\/\/banjalukasport.com\/?p=362"},"modified":"2008-02-08T09:46:52","modified_gmt":"2008-02-08T09:46:52","slug":"karate-evropski-sampionat-u-junu-u-banjaluci","status":"publish","type":"post","link":"https:\/\/banjalukasport.com\/?p=362","title":{"rendered":"KARATE: Evropski \u0161ampionat u junu u Banjaluci"},"content":{"rendered":"<p><img loading=\"lazy\" decoding=\"async\" width=\"120\" height=\"68\" align=\"left\" src=\"\/wp-content\/uploads\/articles_images\/2008020818465292_1.jpg\" alt=\"\"> Povodom odr\u017eavanja <b>Evropskog prvenstva za seniore u karateu od 5. do 10. juna 2008. godine u Banjaluci<\/b>, ju\u010de je u Administrativnonoj slu\u017ebi Grada odr\u017eana konstitutivna sjednica, na kojoj je imenovan Organizacioni odbor Evropskog prvenstva u karateu na \u010delu sa gradona\u010delnikom <b>Dragoljubom Davidovi\u0107em<\/b>. <\/p>\n<p><b>Odbor je imenovao i osam komisija<\/b> koje \u0107e se baviti pojedinostima oko organizacije ove velike sportske manifestacije. To su: Komisija za finansije, Komisija za prijem, smje\u0161taj i ishranu u\u010desnika EP, Komisija za odnose s javno\u0161\u0107u i protokol, Komisija za transport, Komisija za bezbjednost, Komisija za marketing, Tehni\u010dka komisija i Komisija za medicinsko obezbje\u0111enje.<br \/>\n Utvr\u0111eni su okvirni planovi za rad Organizacionog odbora i razgovarano je o finansijskim, tehni\u010dkim i drugim pitanjima od va\u017enosti za uspje\u0161nu organizaciju i odr\u017eavanje Evropskog prvenstva. <\/p>\n<p>O\u010dekuje se da \u0107e u\u010de\u0161\u0107e na ovom Evropskom prvenstvu uzeti <b>preko 500 takmi\u010dara<\/b> iz svih evropskih zemalja. <\/p>\n<p>Karate savez Republike Srpske je u aprilu 2005. godine istakao svoju kandidaturu za tehni\u010dkog organizatora Evropskog prvenstva za seniore 2008. godine, \u0161to je zvani\u010dno prihva\u0107eno u oktobru 2006. godine, na Kongresu Svjetske karate konfederacije koji je odr\u017ean u Hanoveru, u Njema\u010dkoj. <\/p>\n","protected":false},"excerpt":{"rendered":"<p><img loading=\"lazy\" decoding=\"async\" width=\"120\" height=\"68\" align=\"left\" src=\"\/wp-content\/uploads\/articles_images\/2008020818465292_1.jpg\" alt=\"\"> Povodom odr\u017eavanja <b>Evropskog prvenstva za seniore u karateu od 5. do 10. juna 2008. godine u Banjaluci<\/b>, ju\u010de je u Administrativnonoj slu\u017ebi Grada odr\u017eana konstitutivna sjednica, na kojoj je imenovan Organizacioni odbor Evropskog prvenstva u karateu na \u010delu sa gradona\u010delnikom <b>Dragoljubom Davidovi\u0107em<\/b>. <\/p>\n<p><b>Odbor je imenovao i osam komisija<\/b> koje \u0107e se baviti pojedinostima oko organizacije ove velike sportske manifestacije. To su: Komisija za finansije, Komisija za prijem, smje\u0161taj i ishranu u\u010desnika EP, Komisija za odnose s javno\u0161\u0107u i protokol, Komisija za transport, Komisija za bezbjednost, Komisija za marketing, Tehni\u010dka komisija i Komisija za medicinsko obezbje\u0111enje. <\/p>\n","protected":false},"author":74,"featured_media":0,"comment_status":"open","ping_status":"open","sticky":false,"template":"","format":"standard","meta":{"ngg_post_thumbnail":0,"footnotes":""},"categories":[7],"tags":[],"class_list":["post-362","post","type-post","status-publish","format-standard","hentry","category-arhiv"],"_links":{"self":[{"href":"https:\/\/banjalukasport.com\/index.php?rest_route=\/wp\/v2\/posts\/362","targetHints":{"allow":["GET"]}}],"collection":[{"href":"https:\/\/banjalukasport.com\/index.php?rest_route=\/wp\/v2\/posts"}],"about":[{"href":"https:\/\/banjalukasport.com\/index.php?rest_route=\/wp\/v2\/types\/post"}],"author":[{"embeddable":true,"href":"https:\/\/banjalukasport.com\/index.php?rest_route=\/wp\/v2\/users\/74"}],"replies":[{"embeddable":true,"href":"https:\/\/banjalukasport.com\/index.php?rest_route=%2Fwp%2Fv2%2Fcomments&post=362"}],"version-history":[{"count":0,"href":"https:\/\/banjalukasport.com\/index.php?rest_route=\/wp\/v2\/posts\/362\/revisions"}],"wp:attachment":[{"href":"https:\/\/banjalukasport.com\/index.php?rest_route=%2Fwp%2Fv2%2Fmedia&parent=362"}],"wp:term":[{"taxonomy":"category","embeddable":true,"href":"https:\/\/banjalukasport.com\/index.php?rest_route=%2Fwp%2Fv2%2Fcategories&post=362"},{"taxonomy":"post_tag","embeddable":true,"href":"https:\/\/banjalukasport.com\/index.php?rest_route=%2Fwp%2Fv2%2Ftags&post=362"}],"curies":[{"name":"wp","href":"https:\/\/api.w.org\/{rel}","templated":true}]}}