{"id":351,"date":"2008-02-07T09:12:45","date_gmt":"2008-02-07T09:12:45","guid":{"rendered":"https:\/\/banjalukasport.com\/?p=351"},"modified":"2008-02-07T09:12:45","modified_gmt":"2008-02-07T09:12:45","slug":"ko%c2%a9arka-optimisticno-na-medvescak","status":"publish","type":"post","link":"https:\/\/banjalukasport.com\/?p=351","title":{"rendered":"KO\u00a9ARKA: Optimisti\u010dno na Medve\u0161\u010dak"},"content":{"rendered":"<p><img loading=\"lazy\" decoding=\"async\" width=\"120\" height=\"91\" align=\"left\" src=\"\/wp-content\/uploads\/articles_images\/20080207181245578_1.jpg\" alt=\"\"> <b>Ko\u0161arka\u0161ice Mladog Kraji\u0161nika<\/b> do sada su u regionalnoj WABA ligi ostvarile samo dvije pobjede. Novu priliku ima\u0107e u subotu kada su u dvorani Obili\u0107evo doma\u0107ini zagreba\u010dkom <b>Medve\u0161\u010daku<\/b> od kojeg su izgubili u prvom dijelu \u0161ampionata 87-81.<\/p>\n<p>&#8222;<i> To je jedna od utakmica koju smo ozna\u010dili da trebamo pobijediti. Ona je bitna i dosta smo pa\u017enje posvetili Medve\u0161\u010daku. Mislim da su Zagrep\u010danke rival po na\u0161oj mjeri i da im ne\u0107emo dozvoliti da se razigraju. <\/i>&#8220; ka\u017ee za Fokus, <b>Milica Deura<\/b>, kapiten Mladog Kraji\u0161nika.<br \/>\n Poslije ovog susreta Malene \u0107e odigrati \u010detvrtfinalnu utakmicu u Kupu Bosne i Hercegovine. Protivnik  je ekipa <b>\u010delika iz Zenice<\/b>.<\/p>\n<p>&#8222;<i> Iako smo favoriti, mislim da \u0107e to biti dobra prilika da vidimo gdje smo sada u odnosu na Ligu BiH. Me\u0111utim, ne treba se opustiti, jer \u017eelimo da idemo dalje. Naravno, svi o\u010dekuju da se u polufinalu ili finalu sastanemo sa \u00aeeljezni\u010darom. I to je dobra prilika da prije zavr\u0161nice \u0161ampionata BiH vidimo kakav je sada omjer snaga nas i prvaka. Mislim da one nisu jake kao pro\u0161le godine i onoliko dominantne, dok smo mi poja\u010dale redove i imamo iza sebe jako takmi\u010denje, jake utakmice. Bi\u0107e zanimljivo vidjeti kako sada stvari stoje. Na\u0161 cilj je da se ove godine ozbiljnije suprotstavimo \u00aeeljezni\u010daru i poku\u0161amo da mu oduzmemo titulu.<\/i>&#8220; istakla je za Fokus, <b>Milica Deura<\/b>, kapiten &#8220;malenih&#8221;.<\/p>\n","protected":false},"excerpt":{"rendered":"<p><img loading=\"lazy\" decoding=\"async\" width=\"120\" height=\"91\" align=\"left\" src=\"\/wp-content\/uploads\/articles_images\/20080207181245578_1.jpg\" alt=\"\"> <b>Ko\u0161arka\u0161ice Mladog Kraji\u0161nika<\/b> do sada su u regionalnoj WABA ligi ostvarile samo dvije pobjede. Novu priliku ima\u0107e u subotu kada su u dvorani Obili\u0107evo doma\u0107ini zagreba\u010dkom <b>Medve\u0161\u010daku<\/b> od kojeg su izgubili u prvom dijelu \u0161ampionata 87-81.<\/p>\n<p>&#8222;<i> To je jedna od utakmica koju smo ozna\u010dili da trebamo pobijediti. Ona je bitna i dosta smo pa\u017enje posvetili Medve\u0161\u010daku. Mislim da su Zagrep\u010danke rival po na\u0161oj mjeri i da im ne\u0107emo dozvoliti da se razigraju. <\/i>&#8220; ka\u017ee za Fokus, <b>Milica Deura<\/b>, kapiten Mladog Kraji\u0161nika.<\/p>\n","protected":false},"author":74,"featured_media":0,"comment_status":"open","ping_status":"open","sticky":false,"template":"","format":"standard","meta":{"ngg_post_thumbnail":0,"footnotes":""},"categories":[7],"tags":[],"class_list":["post-351","post","type-post","status-publish","format-standard","hentry","category-arhiv"],"_links":{"self":[{"href":"https:\/\/banjalukasport.com\/index.php?rest_route=\/wp\/v2\/posts\/351","targetHints":{"allow":["GET"]}}],"collection":[{"href":"https:\/\/banjalukasport.com\/index.php?rest_route=\/wp\/v2\/posts"}],"about":[{"href":"https:\/\/banjalukasport.com\/index.php?rest_route=\/wp\/v2\/types\/post"}],"author":[{"embeddable":true,"href":"https:\/\/banjalukasport.com\/index.php?rest_route=\/wp\/v2\/users\/74"}],"replies":[{"embeddable":true,"href":"https:\/\/banjalukasport.com\/index.php?rest_route=%2Fwp%2Fv2%2Fcomments&post=351"}],"version-history":[{"count":0,"href":"https:\/\/banjalukasport.com\/index.php?rest_route=\/wp\/v2\/posts\/351\/revisions"}],"wp:attachment":[{"href":"https:\/\/banjalukasport.com\/index.php?rest_route=%2Fwp%2Fv2%2Fmedia&parent=351"}],"wp:term":[{"taxonomy":"category","embeddable":true,"href":"https:\/\/banjalukasport.com\/index.php?rest_route=%2Fwp%2Fv2%2Fcategories&post=351"},{"taxonomy":"post_tag","embeddable":true,"href":"https:\/\/banjalukasport.com\/index.php?rest_route=%2Fwp%2Fv2%2Ftags&post=351"}],"curies":[{"name":"wp","href":"https:\/\/api.w.org\/{rel}","templated":true}]}}