{"id":342,"date":"2008-02-04T13:30:35","date_gmt":"2008-02-04T13:30:35","guid":{"rendered":"https:\/\/banjalukasport.com\/?p=342"},"modified":"2008-02-04T13:30:35","modified_gmt":"2008-02-04T13:30:35","slug":"fudbal-godisnjica-od-smrti-srdana-kacara","status":"publish","type":"post","link":"https:\/\/banjalukasport.com\/?p=342","title":{"rendered":"FUDBAL: Godi\u0161njica od smrti Sr\u0111ana Ka\u010dara"},"content":{"rendered":"<p><img loading=\"lazy\" decoding=\"async\" width=\"97\" height=\"120\" align=\"left\" src=\"\/wp-content\/uploads\/articles_images\/20080204223035675_1.jpg\" alt=\"\"> <b>Na Srpskom &#8211; pravoslavnom groblju &#8220;Sveti Pantelija&#8221; odr\u017ean je godi\u0161nji pomen tragi\u010dno preminulom fudbaleru beogradskog Partizana, Sr\u0111anu Ka\u010daru.<\/b><\/p>\n<p>Porodica, brojni prijatelji i saigra\u010di \u017eeljeli su jo\u0161 jednom, da pred njegovom vje\u010dnom ku\u0107om, istaknu da na\u0161 Sr\u0111an Ka\u010dar nikada ne\u0107e biti zaboravljen. Me\u0111u prisutnima bila je i <b>delegacija Borca<\/b>, kluba u kojem je Sr\u0111an Ka\u010dar po\u010deo fudbalsku karijeru, kao i generacija fudbalera sa Gradskog stadiona ro\u0111enih 1989. godine, sa kojima je Ka\u010dar nau\u010dio prve fudbalske korake.<\/p>\n<p><b>Partizanovu delegaciju<\/b> predvodio je direktor Omladinske \u0161kole, Nedeljko Kosti\u0107, a jo\u0161 su bili prisutni sekretar, Dragan \u00a9u\u0161njar, dva \u010dlana savjeta roditelja i 12 fudbalera iz Ka\u010dareve generacije u Partizanu.  <\/p>\n<p><b>Podsje\u0107amo, da je Sr\u0111an Ka\u010dar poginuo 4. februara 2007. godine kada se vra\u0107a sa proslave svog 18. ro\u0111endana.<\/b> <\/p>\n<p><img loading=\"lazy\" decoding=\"async\" width=\"300\" height=\"131\" align=\"left\" src=\"\/wp-content\/uploads\/articles_images\/20080204223035675_2.jpg\" alt=\"\"> <\/p>\n","protected":false},"excerpt":{"rendered":"<p><img loading=\"lazy\" decoding=\"async\" width=\"97\" height=\"120\" align=\"left\" src=\"\/wp-content\/uploads\/articles_images\/20080204223035675_1.jpg\" alt=\"\"> <b>Na Srpskom &#8211; pravoslavnom groblju &#8220;Sveti Pantelija&#8221; odr\u017ean je godi\u0161nji pomen tragi\u010dno preminulom fudbaleru beogradskog Partizana, Sr\u0111anu Ka\u010daru.<\/b><\/p>\n<p>Porodica, brojni prijatelji i saigra\u010di \u017eeljeli su jo\u0161 jednom, da pred njegovom vje\u010dnom ku\u0107om, istaknu da na\u0161 Sr\u0111an Ka\u010dar nikada ne\u0107e biti zaboravljen.<\/p>\n","protected":false},"author":74,"featured_media":0,"comment_status":"open","ping_status":"open","sticky":false,"template":"","format":"standard","meta":{"ngg_post_thumbnail":0,"footnotes":""},"categories":[7],"tags":[],"class_list":["post-342","post","type-post","status-publish","format-standard","hentry","category-arhiv"],"_links":{"self":[{"href":"https:\/\/banjalukasport.com\/index.php?rest_route=\/wp\/v2\/posts\/342","targetHints":{"allow":["GET"]}}],"collection":[{"href":"https:\/\/banjalukasport.com\/index.php?rest_route=\/wp\/v2\/posts"}],"about":[{"href":"https:\/\/banjalukasport.com\/index.php?rest_route=\/wp\/v2\/types\/post"}],"author":[{"embeddable":true,"href":"https:\/\/banjalukasport.com\/index.php?rest_route=\/wp\/v2\/users\/74"}],"replies":[{"embeddable":true,"href":"https:\/\/banjalukasport.com\/index.php?rest_route=%2Fwp%2Fv2%2Fcomments&post=342"}],"version-history":[{"count":0,"href":"https:\/\/banjalukasport.com\/index.php?rest_route=\/wp\/v2\/posts\/342\/revisions"}],"wp:attachment":[{"href":"https:\/\/banjalukasport.com\/index.php?rest_route=%2Fwp%2Fv2%2Fmedia&parent=342"}],"wp:term":[{"taxonomy":"category","embeddable":true,"href":"https:\/\/banjalukasport.com\/index.php?rest_route=%2Fwp%2Fv2%2Fcategories&post=342"},{"taxonomy":"post_tag","embeddable":true,"href":"https:\/\/banjalukasport.com\/index.php?rest_route=%2Fwp%2Fv2%2Ftags&post=342"}],"curies":[{"name":"wp","href":"https:\/\/api.w.org\/{rel}","templated":true}]}}