{"id":341,"date":"2008-02-04T13:24:54","date_gmt":"2008-02-04T13:24:54","guid":{"rendered":"https:\/\/banjalukasport.com\/?p=341"},"modified":"2008-02-04T13:24:54","modified_gmt":"2008-02-04T13:24:54","slug":"fudbal-rikanovic-i-zvanicno-u-borcu","status":"publish","type":"post","link":"https:\/\/banjalukasport.com\/?p=341","title":{"rendered":"FUDBAL: Rikanovi\u0107 i zvani\u010dno u Borcu"},"content":{"rendered":"<p><img loading=\"lazy\" decoding=\"async\" width=\"113\" height=\"120\" align=\"left\" src=\"\/wp-content\/uploads\/articles_images\/20080204222454582_1.jpg\" alt=\"\"> <b>Miroslav Rikanovi\u0107 i zavni\u010dno je postao novi igra\u010d Fudbalskog kluba Borac<\/b>. Klubu sa Gradskog stadiona je nedostajao upravo igra\u010d njegovog profila, napada\u010d, tako da su se dvije strane brzo dogovorile.<\/p>\n<p>Rikanovi\u0107, koji \u0107e u Borcu nositi <b>dres s brojem 9<\/b>, sti\u017ee iz Ukrajine u \u017eelji da sa Borcem obezbjedi plasman u Premijer ligu Bosne i Hercegovine naredne sezone.    &#8220;<i> Imao sam nekoliko ponuda, ali je prevagnula \u017eelja da igram za klub, koji je u biv\u0161oj Jugoslaviji imao visok rejting. Zvala me je i Kozara iz Gradi\u0161ke, bio sam nekoliko dana i u ma\u0111arskom Debrecinu, ali sam se ipak odlu\u010dio za Borac, jer se klupske ambicije podudaraju sa mojima. Mo\u017eda je presudilo i \u0161to je moj otac porijeklom iz Republike Srpske, jer je ro\u0111en u Loparama. <\/i>&#8220;, ka\u017ee za Glas Srpske, <b>Miroslav Rikanovi\u0107<\/b>.<\/p>\n","protected":false},"excerpt":{"rendered":"<p><img loading=\"lazy\" decoding=\"async\" width=\"113\" height=\"120\" align=\"left\" src=\"\/wp-content\/uploads\/articles_images\/20080204222454582_1.jpg\" alt=\"\"> <b>Miroslav Rikanovi\u0107 i zavni\u010dno je postao novi igra\u010d Fudbalskog kluba Borac<\/b>. Klubu sa Gradskog stadiona je nedostajao upravo igra\u010d njegovog profila, napada\u010d, tako da su se dvije strane brzo dogovorile.<\/p>\n<p>Rikanovi\u0107, koji \u0107e u Borcu nositi <b>dres s brojem 9<\/b>, sti\u017ee iz Ukrajine u \u017eelji da sa Borcem obezbjedi plasman u Premijer ligu Bosne i Hercegovine naredne sezone.   <\/p>\n","protected":false},"author":74,"featured_media":0,"comment_status":"open","ping_status":"open","sticky":false,"template":"","format":"standard","meta":{"ngg_post_thumbnail":0,"footnotes":""},"categories":[7],"tags":[],"class_list":["post-341","post","type-post","status-publish","format-standard","hentry","category-arhiv"],"_links":{"self":[{"href":"https:\/\/banjalukasport.com\/index.php?rest_route=\/wp\/v2\/posts\/341","targetHints":{"allow":["GET"]}}],"collection":[{"href":"https:\/\/banjalukasport.com\/index.php?rest_route=\/wp\/v2\/posts"}],"about":[{"href":"https:\/\/banjalukasport.com\/index.php?rest_route=\/wp\/v2\/types\/post"}],"author":[{"embeddable":true,"href":"https:\/\/banjalukasport.com\/index.php?rest_route=\/wp\/v2\/users\/74"}],"replies":[{"embeddable":true,"href":"https:\/\/banjalukasport.com\/index.php?rest_route=%2Fwp%2Fv2%2Fcomments&post=341"}],"version-history":[{"count":0,"href":"https:\/\/banjalukasport.com\/index.php?rest_route=\/wp\/v2\/posts\/341\/revisions"}],"wp:attachment":[{"href":"https:\/\/banjalukasport.com\/index.php?rest_route=%2Fwp%2Fv2%2Fmedia&parent=341"}],"wp:term":[{"taxonomy":"category","embeddable":true,"href":"https:\/\/banjalukasport.com\/index.php?rest_route=%2Fwp%2Fv2%2Fcategories&post=341"},{"taxonomy":"post_tag","embeddable":true,"href":"https:\/\/banjalukasport.com\/index.php?rest_route=%2Fwp%2Fv2%2Ftags&post=341"}],"curies":[{"name":"wp","href":"https:\/\/api.w.org\/{rel}","templated":true}]}}