{"id":321,"date":"2008-01-29T04:19:42","date_gmt":"2008-01-29T04:19:42","guid":{"rendered":"https:\/\/banjalukasport.com\/?p=321"},"modified":"2008-01-29T04:19:42","modified_gmt":"2008-01-29T04:19:42","slug":"fudbal-babic-na-kraju-u-laktasima","status":"publish","type":"post","link":"https:\/\/banjalukasport.com\/?p=321","title":{"rendered":"FUDBAL: Babi\u0107 na kraju u Lakta\u0161ima"},"content":{"rendered":"<p><img loading=\"lazy\" decoding=\"async\" width=\"120\" height=\"120\" align=\"left\" src=\"\/wp-content\/uploads\/articles_images\/20080129131942216_1.jpg\" alt=\"\"> Pri\u010dalo se o anga\u017emanu u inostranstvo. Na kraju, ni\u0161ta od toga. Nekada\u0161nji fudbaler Borca, <b>Milo\u0161 Babi\u0107, narednih \u0161est mjeseci prove\u0161\u0107e u Lakta\u0161ima.<\/b><\/p>\n<p>Odbrambeni fudbaler, koji pristi\u017ee iz Sarajeva, bi\u0107e veliko poja\u010danje za Premijerliga\u0161a iz Lakta\u0161a u borbi za opstanak.<br \/>\n Od 3. februara Lakta\u0161i \u0107e biti na pripremama u Crnoj Gori. Predvi\u0111eno je da, do po\u010detka \u0161ampionata, Lakta\u0161i odigraju prijateljske utakmice sa <b>Modri\u010da Maksimom, Banatom, Kozarom, Slobodm i \u010delikom.<\/b> <\/p>\n","protected":false},"excerpt":{"rendered":"<p><img loading=\"lazy\" decoding=\"async\" width=\"120\" height=\"120\" align=\"left\" src=\"\/wp-content\/uploads\/articles_images\/20080129131942216_1.jpg\" alt=\"\"> Pri\u010dalo se o anga\u017emanu u inostranstvo. Na kraju, ni\u0161ta od toga. Nekada\u0161nji fudbaler Borca, <b>Milo\u0161 Babi\u0107, narednih \u0161est mjeseci prove\u0161\u0107e u Lakta\u0161ima.<\/b><\/p>\n<p>Odbrambeni fudbaler, koji pristi\u017ee iz Sarajeva, bi\u0107e veliko poja\u010danje za Premijerliga\u0161a iz Lakta\u0161a u borbi za opstanak.<\/p>\n","protected":false},"author":74,"featured_media":0,"comment_status":"open","ping_status":"open","sticky":false,"template":"","format":"standard","meta":{"ngg_post_thumbnail":0,"footnotes":""},"categories":[7],"tags":[],"class_list":["post-321","post","type-post","status-publish","format-standard","hentry","category-arhiv"],"_links":{"self":[{"href":"https:\/\/banjalukasport.com\/index.php?rest_route=\/wp\/v2\/posts\/321","targetHints":{"allow":["GET"]}}],"collection":[{"href":"https:\/\/banjalukasport.com\/index.php?rest_route=\/wp\/v2\/posts"}],"about":[{"href":"https:\/\/banjalukasport.com\/index.php?rest_route=\/wp\/v2\/types\/post"}],"author":[{"embeddable":true,"href":"https:\/\/banjalukasport.com\/index.php?rest_route=\/wp\/v2\/users\/74"}],"replies":[{"embeddable":true,"href":"https:\/\/banjalukasport.com\/index.php?rest_route=%2Fwp%2Fv2%2Fcomments&post=321"}],"version-history":[{"count":0,"href":"https:\/\/banjalukasport.com\/index.php?rest_route=\/wp\/v2\/posts\/321\/revisions"}],"wp:attachment":[{"href":"https:\/\/banjalukasport.com\/index.php?rest_route=%2Fwp%2Fv2%2Fmedia&parent=321"}],"wp:term":[{"taxonomy":"category","embeddable":true,"href":"https:\/\/banjalukasport.com\/index.php?rest_route=%2Fwp%2Fv2%2Fcategories&post=321"},{"taxonomy":"post_tag","embeddable":true,"href":"https:\/\/banjalukasport.com\/index.php?rest_route=%2Fwp%2Fv2%2Ftags&post=321"}],"curies":[{"name":"wp","href":"https:\/\/api.w.org\/{rel}","templated":true}]}}