{"id":2904,"date":"2011-07-22T01:32:32","date_gmt":"2011-07-22T01:32:32","guid":{"rendered":"https:\/\/banjalukasport.com\/?p=2904"},"modified":"2011-07-22T01:32:32","modified_gmt":"2011-07-22T01:32:32","slug":"ko%c2%a9arka-sve-neizvjesno-u-borac-nektaru","status":"publish","type":"post","link":"https:\/\/banjalukasport.com\/?p=2904","title":{"rendered":"KO\u00a9ARKA: Sve neizvjesno u Borac Nektaru"},"content":{"rendered":"<p><img loading=\"lazy\" decoding=\"async\" width=\"120\" height=\"90\" class=\"floatleft\" src=\"\/wp-content\/uploads\/articles_images\/20110722103232228_1.jpg\" alt=\"\"> Ko\u0161arka\u0161ki klub Borac Nektar sredinom juna ostao je bez predsjednika po\u0161to je Boris Blagojevi\u0107 odlu\u010dio da digne sidro i napusti tu funkciju, dok je i nastup u idu\u0107oj sezoni doveden u pitanje jer su Banjalu\u010dani optere\u0107eni dugovima iz pro\u0161le sezone.<br \/>\n Iako je pro\u0161lo malo vi\u0161e od mjesec od ostavke Blagojevi\u0107a, ona jo\u0161 nije ni usvojena a ni odba\u010dena jer se Upravni odbor nije sastao i odlu\u010divao o tome. Prema rije\u010dima direktora kluba Miroslava Doj\u010dinovi\u0107a, Borac se nalazi u nezavidnoj poziciji po\u0161to se bli\u017ei avgust, kada treba da se krene sa sklapanjem tima za predstoje\u0107u sezonu.<\/p>\n<p>&#8211; Trenutno se nalazimo u pat poziciji iz koje tra\u017eimo izlaz jer se nije odr\u017eala sjednica Upravnog odbora kao ni sjednica Skup\u0161tine kluba koja bi trebalo da se odr\u017ei odmah poslije sastanka UO. Problem nam predstavlja \u010dinjenica \u0161to je ve\u0107ina \u010dlanova UO na odmoru i skoro je nemogu\u0107e bilo na\u0107i termin koji bi svima odgovarao. Vrlo je vjerovatno da \u0107e za \u010detiri do pet dana situacija biti mnogo jasnija po\u0161to bi trebalo kona\u010dno da defini\u0161emo ta\u010dan datum kada \u0107e se oni sastati &#8211; izjavio je Doj\u010dinovi\u0107.<\/p>\n<p>Direktor je istakao da se jo\u0161 ne zna u kojem rangu takmi\u010denja Borac \u0107e igrati sljede\u0107e sezone i da je vrlo blizu selidbe u Prvu ligu Republike Srpske.<\/p>\n<p>&#8211; Mislim da je trenutno glavno pitanje u kojoj ligi \u0107emo igrati idu\u0107e sezone jer smo optere\u0107eni dugovima koje nam je ostavila prethodna uprava i \u010diji dio smo uspjeli da vratimo, ali je ostalo jo\u0161 mnogo toga. Razmi\u0161ljamo o nastupu u Prvoj ligi Srpske jer \u0107e nas to mnogo manje ko\u0161tati od nastupa u Ligi BiH &#8211; dodao je Doj\u010dinovi\u0107. <\/p>\n<p>Trener Drago Karali\u0107, koji je pro\u0161le sezone uspje\u0161no vodio klub do plasmana u polufinale plej-ofa, i dalje je u klubu.<\/p>\n<p>&#8211; Jo\u0161 sam tu i \u010dekam da se situacija sa prvom ekipom kona\u010dno razrije\u0161i pa da vidim \u0161ta \u0107emo raditi dalje. Trenutno nemam kontakte sa drugim klubovima i volio bih da nastavimo ovo \u0161to smo zapo\u010deli pro\u0161le godine &#8211; rekao je Karali\u0107<\/p>\n<p>GLAS SRPSKE<\/p>\n","protected":false},"excerpt":{"rendered":"<p><img loading=\"lazy\" decoding=\"async\" width=\"120\" height=\"90\" class=\"floatleft\" src=\"\/wp-content\/uploads\/articles_images\/20110722103232228_1.jpg\" alt=\"\"> Ko\u0161arka\u0161ki klub Borac Nektar sredinom juna ostao je bez predsjednika po\u0161to je Boris Blagojevi\u0107 odlu\u010dio da digne sidro i napusti tu funkciju, dok je i nastup u idu\u0107oj sezoni doveden u pitanje jer su Banjalu\u010dani optere\u0107eni dugovima iz pro\u0161le sezone.<\/p>\n","protected":false},"author":74,"featured_media":0,"comment_status":"open","ping_status":"open","sticky":false,"template":"","format":"standard","meta":{"ngg_post_thumbnail":0,"footnotes":""},"categories":[7],"tags":[],"class_list":["post-2904","post","type-post","status-publish","format-standard","hentry","category-arhiv"],"_links":{"self":[{"href":"https:\/\/banjalukasport.com\/index.php?rest_route=\/wp\/v2\/posts\/2904","targetHints":{"allow":["GET"]}}],"collection":[{"href":"https:\/\/banjalukasport.com\/index.php?rest_route=\/wp\/v2\/posts"}],"about":[{"href":"https:\/\/banjalukasport.com\/index.php?rest_route=\/wp\/v2\/types\/post"}],"author":[{"embeddable":true,"href":"https:\/\/banjalukasport.com\/index.php?rest_route=\/wp\/v2\/users\/74"}],"replies":[{"embeddable":true,"href":"https:\/\/banjalukasport.com\/index.php?rest_route=%2Fwp%2Fv2%2Fcomments&post=2904"}],"version-history":[{"count":0,"href":"https:\/\/banjalukasport.com\/index.php?rest_route=\/wp\/v2\/posts\/2904\/revisions"}],"wp:attachment":[{"href":"https:\/\/banjalukasport.com\/index.php?rest_route=%2Fwp%2Fv2%2Fmedia&parent=2904"}],"wp:term":[{"taxonomy":"category","embeddable":true,"href":"https:\/\/banjalukasport.com\/index.php?rest_route=%2Fwp%2Fv2%2Fcategories&post=2904"},{"taxonomy":"post_tag","embeddable":true,"href":"https:\/\/banjalukasport.com\/index.php?rest_route=%2Fwp%2Fv2%2Ftags&post=2904"}],"curies":[{"name":"wp","href":"https:\/\/api.w.org\/{rel}","templated":true}]}}