{"id":2903,"date":"2011-07-22T01:27:59","date_gmt":"2011-07-22T01:27:59","guid":{"rendered":"https:\/\/banjalukasport.com\/?p=2903"},"modified":"2011-07-22T01:27:59","modified_gmt":"2011-07-22T01:27:59","slug":"ko%c2%a9arka-ne-iskljucuje-mogucnost-odlaska-iz-kluba","status":"publish","type":"post","link":"https:\/\/banjalukasport.com\/?p=2903","title":{"rendered":"KO\u00a9ARKA: Ne isklju\u010duje mogu\u0107nost odlaska iz kluba"},"content":{"rendered":"<p><img loading=\"lazy\" decoding=\"async\" width=\"200\" height=\"140\" class=\"floatleft\" src=\"\/wp-content\/uploads\/articles_images\/20110722102759926_1.jpg\" alt=\"\"> Aktuelna najbolja ko\u0161arka\u0161ica Republike Srpske, koja je to priznanje ponijela dva puta, Milica Deura, poslije 11 godina provedenih u Mladom Kraji\u0161niku ne isklju\u010duje mogu\u0107nost da mo\u017eda karijeru nastavi negdje u inostranstvu. To su, kako ka\u017ee, za sada samo razmi\u0161ljanja, ali presudno \u0107e biti odakle \u0107e dobiti dobru ponudu, pa mo\u017eda i od svog mati\u010dnog kluba.  &#8211; Jo\u0161 ni\u0161ta konkretno nije bilo, a nadam se da \u0107e biti. Sve zavisi \u0161ta, gdje, kako i ko nudi. Ako bi ne\u0161to bilo ovdje, ne vidim razlog da ne ostanem, ako bude vani, i to dolazi u obzir, za\u0161to da ne&#8230; &#8211; ka\u017ee dvadesetjednogodi\u0161nja Deura, standarna ko\u0161arka\u0161ica Mladog Kraji\u0161nika, aktuelnog \u0161ampiona BiH.<\/p>\n<p>Prolazila je s ovim klubom te\u0161ke trenutke, ali i lijepe. Kako ka\u017ee, one ru\u017ene stvari potiskuju dobri rezultati, a bilo ih je.<\/p>\n<p>&#8211; Bilo je te\u0161kih trenutaka i bilo je onih kada sam pomi\u0161ljala da odem, da ne mogu vi\u0161e, ali ostajala sam, najvi\u0161e zato \u0161to sam ku\u0107i, tu mi je porodica, \u0161kola, mati\u010dni klub, nije bilo lako presje\u0107i i oti\u0107i. Bilo je te\u0161kih dana i u klubu, ali sport donosi vi\u0161e lijepog. Ipak, bilo je vi\u0161e lijepog &#8211; isti\u010de najbolja ko\u0161arka\u0161ica Republike Srpske, koja o\u010dekuje bolje dane.<\/p>\n<p>&#8211; Jeste \u017ealosno kada ka\u017ee\u0161 najbolja ko\u0161arka\u0161ica, a ovakvi uslovi, ali takva je realnost. Te\u0161ko je vrijeme, ali sve pro\u0111e. Ipak sam ve\u0107 11 godina tu i ko\u0161arka je ono \u0161to volim da radim i ne mo\u017ee se lako ostaviti.<\/p>\n<p>U Mladom Kraji\u0161niku je pro\u0161la sve selekcije i stigla do kapitenske trake u prvom timu, poodavno. Za sve to vrijeme bilo je nagrada i pehara, a Milica izdvaja najdra\u017ei.<\/p>\n<p>&#8211; Moram re\u0107i da je to bila pro\u0161le sezone titula prvaka BiH, to je ne\u0161to najbolje \u0161to mi se desilo, moja prva titula, ne\u0161to najdra\u017ee. Pored svega, svih problema, ipak, je uspjeh da budemo prvaci, valjda i to ne\u0161to zna\u010di &#8211; istakla je Milica Deura, dodaju\u0107i da i ova neizvjesnost mo\u017ee ponekad i da slomi.<\/p>\n<p>&#8211; Svakako nije lako kad se \u010deka, a ne zna\u0161 \u0161ta \u0107e biti, mu\u010di\u0161 se, nada\u0161 se ne\u010demu boljem &#8211; ka\u017ee je Milica Deura.<\/p>\n<p>FOKUS<\/p>\n","protected":false},"excerpt":{"rendered":"<p><img loading=\"lazy\" decoding=\"async\" width=\"200\" height=\"140\" class=\"floatleft\" src=\"\/wp-content\/uploads\/articles_images\/20110722102759926_1.jpg\" alt=\"\"> Aktuelna najbolja ko\u0161arka\u0161ica Republike Srpske, koja je to priznanje ponijela dva puta, Milica Deura, poslije 11 godina provedenih u Mladom Kraji\u0161niku ne isklju\u010duje mogu\u0107nost da mo\u017eda karijeru nastavi negdje u inostranstvu. To su, kako ka\u017ee, za sada samo razmi\u0161ljanja, ali presudno \u0107e biti odakle \u0107e dobiti dobru ponudu, pa mo\u017eda i od svog mati\u010dnog kluba. <\/p>\n","protected":false},"author":74,"featured_media":0,"comment_status":"open","ping_status":"open","sticky":false,"template":"","format":"standard","meta":{"ngg_post_thumbnail":0,"footnotes":""},"categories":[7],"tags":[],"class_list":["post-2903","post","type-post","status-publish","format-standard","hentry","category-arhiv"],"_links":{"self":[{"href":"https:\/\/banjalukasport.com\/index.php?rest_route=\/wp\/v2\/posts\/2903","targetHints":{"allow":["GET"]}}],"collection":[{"href":"https:\/\/banjalukasport.com\/index.php?rest_route=\/wp\/v2\/posts"}],"about":[{"href":"https:\/\/banjalukasport.com\/index.php?rest_route=\/wp\/v2\/types\/post"}],"author":[{"embeddable":true,"href":"https:\/\/banjalukasport.com\/index.php?rest_route=\/wp\/v2\/users\/74"}],"replies":[{"embeddable":true,"href":"https:\/\/banjalukasport.com\/index.php?rest_route=%2Fwp%2Fv2%2Fcomments&post=2903"}],"version-history":[{"count":0,"href":"https:\/\/banjalukasport.com\/index.php?rest_route=\/wp\/v2\/posts\/2903\/revisions"}],"wp:attachment":[{"href":"https:\/\/banjalukasport.com\/index.php?rest_route=%2Fwp%2Fv2%2Fmedia&parent=2903"}],"wp:term":[{"taxonomy":"category","embeddable":true,"href":"https:\/\/banjalukasport.com\/index.php?rest_route=%2Fwp%2Fv2%2Fcategories&post=2903"},{"taxonomy":"post_tag","embeddable":true,"href":"https:\/\/banjalukasport.com\/index.php?rest_route=%2Fwp%2Fv2%2Ftags&post=2903"}],"curies":[{"name":"wp","href":"https:\/\/api.w.org\/{rel}","templated":true}]}}