{"id":2879,"date":"2011-06-18T08:47:39","date_gmt":"2011-06-18T08:47:39","guid":{"rendered":"https:\/\/banjalukasport.com\/?p=2879"},"modified":"2011-06-18T08:47:39","modified_gmt":"2011-06-18T08:47:39","slug":"ko%c2%a9arka-vujosevic-na-seminaru","status":"publish","type":"post","link":"https:\/\/banjalukasport.com\/?p=2879","title":{"rendered":"KO\u00a9ARKA: Vujo\u0161evi\u0107 na seminaru"},"content":{"rendered":"<p><img loading=\"lazy\" decoding=\"async\" width=\"89\" height=\"89\" class=\"floatleft\" src=\"\/wp-content\/uploads\/articles_images\/20110618174739187_1.jpg\" alt=\"\"> U Banjaluci je danas po\u010deo dvodnevni ko\u0161arka\u0161ki seminar za trenere koji organizuje Udru\u017eenje ko\u0161arka\u0161kih trenera Republike Srpske. Seminar je okupio rekordan broj u\u010desnika, a me\u0111u predava\u010dima bio je i Du\u0161ko Vujo\u0161evi\u0107. Trofejni trener pohvalio je organizaciju seminara. Ka\u017ee da je ovo dobar na\u010din da treneri iz Republike Srpske napreduju.<br \/>\nNjegov status i dalje je isti. Dok je pod ugovorom sa CSKA ne mo\u017ee da trenira neku drugu ekipu.<\/p>\n<p>Predstoje\u0107i Evropski \u0161ampionat Du\u0161ko Vujo\u0161evi\u0107 do\u010dekuje u ulozi savjetnika reprezentacije Crne Gore.<br \/>\nOd reprezentacije Srbije o\u010dekuje dobre igre a Evropsko prvenstvo najavljuje kao ujedna\u010deno i veoma kvalitetno.<\/p>\n<p>Me\u0111u predava\u010dima na seminaru bili su i: Bo\u0161ko \u0111oki\u0107, Milan Mini\u0107 i Vlada Radonji\u0107. Aktuelna tema me\u0111u stru\u010dnjacima i dalje je uticaj NLB lige na srpsku ko\u0161arku. Mini\u0107 ka\u017ee da je NLB liga bila \u0161tetna po srpsku ko\u0161arku i da je uticala na pad kvaliteta ko\u0161arke u Srbiji. <\/p>\n<p>Predava\u010di su pozvali i trenere iz Republike Srpske da za sedam u\u010destvuju na seminaru u Srbiji gdje \u0107e o aktuelnom stanju u ko\u0161arci izme\u0111u ostalog govoriti Ivkovi\u0107, Obradovi\u0107, Pe\u0161i\u0107 i Vujo\u0161evi\u0107. <\/p>\n","protected":false},"excerpt":{"rendered":"<p><img loading=\"lazy\" decoding=\"async\" width=\"89\" height=\"89\" class=\"floatleft\" src=\"\/wp-content\/uploads\/articles_images\/20110618174739187_1.jpg\" alt=\"\"> U Banjaluci je danas po\u010deo dvodnevni ko\u0161arka\u0161ki seminar za trenere koji organizuje Udru\u017eenje ko\u0161arka\u0161kih trenera Republike Srpske. Seminar je okupio rekordan broj u\u010desnika, a me\u0111u predava\u010dima bio je i Du\u0161ko Vujo\u0161evi\u0107.<\/p>\n","protected":false},"author":74,"featured_media":0,"comment_status":"open","ping_status":"open","sticky":false,"template":"","format":"standard","meta":{"ngg_post_thumbnail":0,"footnotes":""},"categories":[7],"tags":[],"class_list":["post-2879","post","type-post","status-publish","format-standard","hentry","category-arhiv"],"_links":{"self":[{"href":"https:\/\/banjalukasport.com\/index.php?rest_route=\/wp\/v2\/posts\/2879","targetHints":{"allow":["GET"]}}],"collection":[{"href":"https:\/\/banjalukasport.com\/index.php?rest_route=\/wp\/v2\/posts"}],"about":[{"href":"https:\/\/banjalukasport.com\/index.php?rest_route=\/wp\/v2\/types\/post"}],"author":[{"embeddable":true,"href":"https:\/\/banjalukasport.com\/index.php?rest_route=\/wp\/v2\/users\/74"}],"replies":[{"embeddable":true,"href":"https:\/\/banjalukasport.com\/index.php?rest_route=%2Fwp%2Fv2%2Fcomments&post=2879"}],"version-history":[{"count":0,"href":"https:\/\/banjalukasport.com\/index.php?rest_route=\/wp\/v2\/posts\/2879\/revisions"}],"wp:attachment":[{"href":"https:\/\/banjalukasport.com\/index.php?rest_route=%2Fwp%2Fv2%2Fmedia&parent=2879"}],"wp:term":[{"taxonomy":"category","embeddable":true,"href":"https:\/\/banjalukasport.com\/index.php?rest_route=%2Fwp%2Fv2%2Fcategories&post=2879"},{"taxonomy":"post_tag","embeddable":true,"href":"https:\/\/banjalukasport.com\/index.php?rest_route=%2Fwp%2Fv2%2Ftags&post=2879"}],"curies":[{"name":"wp","href":"https:\/\/api.w.org\/{rel}","templated":true}]}}