{"id":2782,"date":"2011-03-12T10:38:38","date_gmt":"2011-03-12T10:38:38","guid":{"rendered":"https:\/\/banjalukasport.com\/?p=2782"},"modified":"2011-03-12T10:38:38","modified_gmt":"2011-03-12T10:38:38","slug":"fudbal-bod-u-mostaru","status":"publish","type":"post","link":"https:\/\/banjalukasport.com\/?p=2782","title":{"rendered":"FUDBAL: Bod u Mostaru"},"content":{"rendered":"<p> <img loading=\"lazy\" decoding=\"async\" width=\"176\" height=\"104\" class=\"floatleft\" src=\"\/wp-content\/uploads\/articles_images\/20110312183838460_1.jpg\" alt=\"\"> Fudbaleri Borca nepora\u017eeni se vra\u0107aju ku\u0107i iz Mostara. Odigrali su nerije\u0161eno protiv Vele\u017ea 0-0. Bio je to me\u010d 18.kola Premijer lige BiH.  Vele\u017e je imao nekoliko \u0161ansi, a junakom utakmice postao je golman Asmir Avduki\u0107 koji je odbranio dobrie poku\u0161aje Mostaraca. Borac je i dalje na \u010delu tabele sa 40 bodova. U narednom kolu Borac je doma\u0107in \u010deliku iz Zenice. <\/p>\n<p>&#8216;Nisam zadovoljan igrom, pogotovo prikazanim u prvom poluvremenu gdje smo morali ne\u0161to vi\u0161e napraviti, igrali smo niz vjetar i ra\u010dunali smo da u takvoj situaciji mo\u017eemo posti\u0107i gol, a onda u nastavku utakmice ne\u0161to oprobati napraviti eventualno iz kontre.\u010dekali smo svoju priliku ali je nismo do\u010dekali, Vele\u017e je bio dobar na sredini terena, stvorili su doma\u0107i igra\u010di nekoliko dobrih prilika, dok mi nismo mogli ni\u0161ta napraviti, pogotovo u toj na\u0161oj pas igri i na kraju mo\u017eemo biti zadovoljni bodom.&#8221; rekao je Vlado Jagodi\u0107 nakon me\u010da za <a href=\"http:\/\/Sportsport.ba\">Sportsport.ba<\/a><\/p>\n","protected":false},"excerpt":{"rendered":"<p> <img loading=\"lazy\" decoding=\"async\" width=\"176\" height=\"104\" class=\"floatleft\" src=\"\/wp-content\/uploads\/articles_images\/20110312183838460_1.jpg\" alt=\"\"> Fudbaleri Borca nepora\u017eeni se vra\u0107aju ku\u0107i iz Mostara. Odigrali su nerije\u0161eno protiv Vele\u017ea 0-0. Bio je to me\u010d 18.kola Premijer lige BiH. <\/p>\n","protected":false},"author":74,"featured_media":0,"comment_status":"open","ping_status":"open","sticky":false,"template":"","format":"standard","meta":{"ngg_post_thumbnail":0,"footnotes":""},"categories":[7],"tags":[],"class_list":["post-2782","post","type-post","status-publish","format-standard","hentry","category-arhiv"],"_links":{"self":[{"href":"https:\/\/banjalukasport.com\/index.php?rest_route=\/wp\/v2\/posts\/2782","targetHints":{"allow":["GET"]}}],"collection":[{"href":"https:\/\/banjalukasport.com\/index.php?rest_route=\/wp\/v2\/posts"}],"about":[{"href":"https:\/\/banjalukasport.com\/index.php?rest_route=\/wp\/v2\/types\/post"}],"author":[{"embeddable":true,"href":"https:\/\/banjalukasport.com\/index.php?rest_route=\/wp\/v2\/users\/74"}],"replies":[{"embeddable":true,"href":"https:\/\/banjalukasport.com\/index.php?rest_route=%2Fwp%2Fv2%2Fcomments&post=2782"}],"version-history":[{"count":0,"href":"https:\/\/banjalukasport.com\/index.php?rest_route=\/wp\/v2\/posts\/2782\/revisions"}],"wp:attachment":[{"href":"https:\/\/banjalukasport.com\/index.php?rest_route=%2Fwp%2Fv2%2Fmedia&parent=2782"}],"wp:term":[{"taxonomy":"category","embeddable":true,"href":"https:\/\/banjalukasport.com\/index.php?rest_route=%2Fwp%2Fv2%2Fcategories&post=2782"},{"taxonomy":"post_tag","embeddable":true,"href":"https:\/\/banjalukasport.com\/index.php?rest_route=%2Fwp%2Fv2%2Ftags&post=2782"}],"curies":[{"name":"wp","href":"https:\/\/api.w.org\/{rel}","templated":true}]}}