{"id":2770,"date":"2011-03-02T02:37:33","date_gmt":"2011-03-02T02:37:33","guid":{"rendered":"https:\/\/banjalukasport.com\/?p=2770"},"modified":"2011-03-02T02:37:33","modified_gmt":"2011-03-02T02:37:33","slug":"rkomt-regionalna-liga-pocinje-27-avgusta","status":"publish","type":"post","link":"https:\/\/banjalukasport.com\/?p=2770","title":{"rendered":"RKOMT: Regionalna liga po\u010dinje 27.avgusta"},"content":{"rendered":"<p><img loading=\"lazy\" decoding=\"async\" width=\"200\" height=\"154\" class=\"floatleft\" src=\"\/wp-content\/uploads\/articles_images\/20110302103733264_1.jpg\" alt=\"\"> Regionalna liga za rukometa\u0161e ili S-liga startova\u0107e 27. avgusta ove godine sa 14 klubova iz sedam zemalja, a sezona \u0107e biti zavr\u0161ena krajem marta 2012. Fajnal-forom, na kojem \u0107e nastupiti \u010detiri najbolje ekipe poslije liga\u0161kog dijela takmi\u010denja. &#8211; Ovo se znalo i ranije, ali je potvr\u0111eno na posljednjem sastanku koji je odr\u017ean u Beogradu. Odlu\u010deno je da kancelarija lige bude u Zagrebu, a Tehni\u010dku komisiju \u010dini\u0107e Ante An\u010di\u0107 iz Hrvatske, Dragan Na\u010devski iz Makedonije i Miodrag Maksimovi\u0107 iz Srbije. Sve\u010dano potpisivanje svih dokumenata o startu S-lige bi\u0107e 18. marta u Beogradu, a uskoro \u0107e biti raspisan i konkurs za marketin\u0161ku agenciju koja \u0107e se baviti tim aspektom lige, te TV pravima &#8211; istakao je generalni sekretar Rukometnog saveza BiH Smajo Kara\u010di\u0107.<\/p>\n<p>Od 14 klubova 11 \u0107e biti sa prostora biv\u0161e Jugoslavije.<\/p>\n<p>&#8211; Na\u0161 savez ima\u0107e tri predstavnika i to tri ekipe koje budu najbolje na kraju ovog prvenstva. Po dva u\u010desnika da\u0107e Srbija, Hrvatska, Makedonija i Crna Gora i time se dolazi do broja 11. Kao \u0161to je poznato, na ovim sastancima bili su predstavnici poljskih klubova Visle i Kilcea, te slova\u010dkog Tatran Pre\u0161ova. Sa ta tri kluba kompletirali bismo spisak u\u010desnika za prvu sezonu, ali je potrebno da \u0161to prije dostave saglasnost svojih saveza o u\u010de\u0161\u0107u S-ligi. Ukoliko ne dobiju potrebnu dokumentaciju, ligu \u0107e popuniti klubovi iz zemalja biv\u0161e Jugoslavije, a vidje\u0107emo po kojem \u0107e to sistemu biti &#8211; naglasio je Kara\u010di\u0107.<\/p>\n<p>Zainteresovanost za nastup u ovom takmi\u010denju pokazali su i Ma\u0111ari, ali tek od sljede\u0107e sezone.<\/p>\n<p>&#8211; Ma\u0111arska \u0107e prve godine imati svoje posmatra\u010de i vjerovatno \u0107e se u sezoni 2012\/2013. uklju\u010diti u takmi\u010denje. Jedno je sigurno, sve\u0107e se znati poslije sljede\u0107eg sastanka. Ono \u0161to je ve\u0107 sada izvjesno je da \u0107e generalni sponzor S-lige biti &quot;Erste Bank &#8211; Sparkasse&quot; &#8211; dodao je Kara\u010di\u0107. <\/p>\n<p>Prema trenutnom stanju na tabelama u\u010desnici Regionalne lige (S-lige) bili bi ovi timovi: Bosna (S), Borac m:tel, Izvi\u0111a\u010d (BiH), Partizan, Crvena zvezda (Srbija), Zagreb, Nekse (Hrvatska), Metalurg, Vardar (Makedonija), Lov\u0107en, Mojkovac (Crna Gora), dok bi Poljsku predstavljali Visla i Kilce, a Slova\u010dku Tatran Pre\u0161ov.<\/p>\n<p>GLAS SRPSKE<\/p>\n","protected":false},"excerpt":{"rendered":"<p><img loading=\"lazy\" decoding=\"async\" width=\"200\" height=\"154\" class=\"floatleft\" src=\"\/wp-content\/uploads\/articles_images\/20110302103733264_1.jpg\" alt=\"\"> Regionalna liga za rukometa\u0161e ili S-liga startova\u0107e 27. avgusta ove godine sa 14 klubova iz sedam zemalja, a sezona \u0107e biti zavr\u0161ena krajem marta 2012. Fajnal-forom, na kojem \u0107e nastupiti \u010detiri najbolje ekipe poslije liga\u0161kog dijela takmi\u010denja.<\/p>\n","protected":false},"author":74,"featured_media":0,"comment_status":"open","ping_status":"open","sticky":false,"template":"","format":"standard","meta":{"ngg_post_thumbnail":0,"footnotes":""},"categories":[7],"tags":[],"class_list":["post-2770","post","type-post","status-publish","format-standard","hentry","category-arhiv"],"_links":{"self":[{"href":"https:\/\/banjalukasport.com\/index.php?rest_route=\/wp\/v2\/posts\/2770","targetHints":{"allow":["GET"]}}],"collection":[{"href":"https:\/\/banjalukasport.com\/index.php?rest_route=\/wp\/v2\/posts"}],"about":[{"href":"https:\/\/banjalukasport.com\/index.php?rest_route=\/wp\/v2\/types\/post"}],"author":[{"embeddable":true,"href":"https:\/\/banjalukasport.com\/index.php?rest_route=\/wp\/v2\/users\/74"}],"replies":[{"embeddable":true,"href":"https:\/\/banjalukasport.com\/index.php?rest_route=%2Fwp%2Fv2%2Fcomments&post=2770"}],"version-history":[{"count":0,"href":"https:\/\/banjalukasport.com\/index.php?rest_route=\/wp\/v2\/posts\/2770\/revisions"}],"wp:attachment":[{"href":"https:\/\/banjalukasport.com\/index.php?rest_route=%2Fwp%2Fv2%2Fmedia&parent=2770"}],"wp:term":[{"taxonomy":"category","embeddable":true,"href":"https:\/\/banjalukasport.com\/index.php?rest_route=%2Fwp%2Fv2%2Fcategories&post=2770"},{"taxonomy":"post_tag","embeddable":true,"href":"https:\/\/banjalukasport.com\/index.php?rest_route=%2Fwp%2Fv2%2Ftags&post=2770"}],"curies":[{"name":"wp","href":"https:\/\/api.w.org\/{rel}","templated":true}]}}