{"id":2766,"date":"2011-03-02T02:15:39","date_gmt":"2011-03-02T02:15:39","guid":{"rendered":"https:\/\/banjalukasport.com\/?p=2766"},"modified":"2011-03-02T02:15:39","modified_gmt":"2011-03-02T02:15:39","slug":"fudbal-evropski-eho-borca","status":"publish","type":"post","link":"https:\/\/banjalukasport.com\/?p=2766","title":{"rendered":"FUDBAL: Evropski eho Borca"},"content":{"rendered":"<p><img loading=\"lazy\" decoding=\"async\" width=\"220\" height=\"130\" class=\"floatleft\" src=\"\/wp-content\/uploads\/articles_images\/2011030210153988_1.jpg\" alt=\"\"> Sjajni rezultati koje Fudbalski klub Borac bilje\u017ei ove sezone u Premijer ligi BiH nisu pro\u0161li nezapa\u017eeno na evropskoj sceni koja je &quot;crveno-plavu&quot; ekipu najavila kao glavnog konkurenta za osvajanje titule.<\/p>\n<p>Dugi niz godina u Banjaluci se \u010dekalo da Borac postane konkurentan u borbi za sami vrh, a sada prema mi\u0161ljenju mnogih &quot;crveno-plavi&quot; imaju najja\u010du ekipu u BiH. Grad na Vrbasu ponovo di\u0161e &quot;fudbalskim&quot; plu\u0107ima i s velikim nestrpljenjem se \u010deka titula prvaka. Sa ovim se sla\u017ee i Evropska ku\u0107a fudbala (UEFA) koja je na zvani\u010dnom sajtu objavila tekst u kojem stoji da je trenutni lider Premijer lige nastavio hod ka \u0161ampionskoj kruni. Nezaustavljiv pohod na doma\u0107oj sceni pokazao je i trijumf u derbiju protiv \u00a9irokog Brijega (2:1). Prema mi\u0161ljenju UEFA, Borac je ve\u0107 od prvog kola nastavka prvenstva pokazao da odlazak tri klju\u010dna igra\u010da (Vule Trivunovi\u0107, Perica Stan\u010deski i Bojan Puziga\u0107a) ne\u0107e uticati na njihovu igru i da i dalje imaju kvalitet vi\u0161e od protivnika. Ekipa sa Gradskog stadiona nikada nije bila \u0161ampion i sada ima veliku priliku da, pored pro\u0161logodi\u0161njeg Kupa BiH, osvoji jo\u0161 jedan trofej, a veliko povjerenje u ovaj tim ima i UEFA.<\/p>\n<p>&quot;Borac je tek na putu uspjeha i ovo je samo po\u010detak onoga \u0161to slijedi u narednom periodu. Borac \u0107e sigurno biti klub koji \u0107e od sada biti u evropskim takmi\u010denjima, a sve ostalo smatralo bi se neuspjehom&quot;, rekao je Radmilo \u00a9ipovac, direktor banjalu\u010dkog premijerliga\u0161a.<\/p>\n<p>\u00a9ipovac smatra da nema razlike da li klub igra kvalifikacije za Ligu \u0161ampiona ili Evropsku ligu.<\/p>\n<p>&quot;Na me\u0111unarodnoj sceni \u0107emo igrati bilo kao prvaci BiH, osvaja\u010di Kupa ili kao tim koji je to pravo izborio plasmanom na tabeli. U klubu se radi na pravi na\u010din i to kao direktor mogu re\u0107i za svoje poslove kao i za rad svih u klubu&quot;, jasan je \u00a9ipovac.<\/p>\n<p>NEZAVISNE NOVINE<\/p>\n","protected":false},"excerpt":{"rendered":"<p><img loading=\"lazy\" decoding=\"async\" width=\"220\" height=\"130\" class=\"floatleft\" src=\"\/wp-content\/uploads\/articles_images\/2011030210153988_1.jpg\" alt=\"\"> Sjajni rezultati koje Fudbalski klub Borac bilje\u017ei ove sezone u Premijer ligi BiH nisu pro\u0161li nezapa\u017eeno na evropskoj sceni koja je &quot;crveno-plavu&quot; ekipu najavila kao glavnog konkurenta za osvajanje titule.<\/p>\n<p>Dugi niz godina u Banjaluci se \u010dekalo da Borac postane konkurentan u borbi za sami vrh, a sada prema mi\u0161ljenju mnogih &quot;crveno-plavi&quot; imaju najja\u010du ekipu u BiH.<\/p>\n","protected":false},"author":74,"featured_media":0,"comment_status":"open","ping_status":"open","sticky":false,"template":"","format":"standard","meta":{"ngg_post_thumbnail":0,"footnotes":""},"categories":[7],"tags":[],"class_list":["post-2766","post","type-post","status-publish","format-standard","hentry","category-arhiv"],"_links":{"self":[{"href":"https:\/\/banjalukasport.com\/index.php?rest_route=\/wp\/v2\/posts\/2766","targetHints":{"allow":["GET"]}}],"collection":[{"href":"https:\/\/banjalukasport.com\/index.php?rest_route=\/wp\/v2\/posts"}],"about":[{"href":"https:\/\/banjalukasport.com\/index.php?rest_route=\/wp\/v2\/types\/post"}],"author":[{"embeddable":true,"href":"https:\/\/banjalukasport.com\/index.php?rest_route=\/wp\/v2\/users\/74"}],"replies":[{"embeddable":true,"href":"https:\/\/banjalukasport.com\/index.php?rest_route=%2Fwp%2Fv2%2Fcomments&post=2766"}],"version-history":[{"count":0,"href":"https:\/\/banjalukasport.com\/index.php?rest_route=\/wp\/v2\/posts\/2766\/revisions"}],"wp:attachment":[{"href":"https:\/\/banjalukasport.com\/index.php?rest_route=%2Fwp%2Fv2%2Fmedia&parent=2766"}],"wp:term":[{"taxonomy":"category","embeddable":true,"href":"https:\/\/banjalukasport.com\/index.php?rest_route=%2Fwp%2Fv2%2Fcategories&post=2766"},{"taxonomy":"post_tag","embeddable":true,"href":"https:\/\/banjalukasport.com\/index.php?rest_route=%2Fwp%2Fv2%2Ftags&post=2766"}],"curies":[{"name":"wp","href":"https:\/\/api.w.org\/{rel}","templated":true}]}}