{"id":266,"date":"2008-01-29T14:24:51","date_gmt":"2008-01-29T14:24:51","guid":{"rendered":"https:\/\/banjalukasport.com\/?p=266"},"modified":"2008-01-29T14:24:51","modified_gmt":"2008-01-29T14:24:51","slug":"fudbal-indic-se-vratio-sa-priprema","status":"publish","type":"post","link":"https:\/\/banjalukasport.com\/?p=266","title":{"rendered":"FUDBAL: In\u0111i\u0107 se vratio sa priprema"},"content":{"rendered":"<p><img loading=\"lazy\" decoding=\"async\" width=\"85\" height=\"120\" align=\"left\" src=\"\/wp-content\/uploads\/articles_images\/20080129232451348_1.jpg\" alt=\"\"> <b>\u0111or\u0111e In\u0111i\u0107<\/b> prije nekoliko dana je poja\u010dao banjalu\u010dki Borac. Odmah je oti\u0161ao za Me\u0111ugorje gdje se Banjalu\u010dani pripremaju za nastavak sezone. Me\u0111utim, samo \u0161to je stigao odmah se i <b>vratio za Banjaluku.<\/b><\/p>\n<p>Trener Borca, <b>Milomir Odovi\u0107<\/b>, vratio je In\u0111i\u0107a jer o\u010digledno nije zadovoljan njegovim kvalitetima. Sve to ne bi bilo \u010dudno, da In\u0111i\u0107 nije do\u0161ao na preporuku novog sportskog direktora Borca, <b>Vlade Jagodi\u0107a.<\/b> &#8221; <i>In\u0111i\u0107 je imao proceduralnih problema i treba da ih rije\u0161i. U narednih nekoliko dana o\u010dekujemo poja\u010danja, ali se pla\u0161im da imamo sve manje vremena za sklapanje tima. Povratak ku\u0107i planiramo u subotu, a do tada \u0107emo odigrati i kontrolni me\u010d protiv \u00aeeljezni\u010dara, 31. januara. <\/i>&#8220;, ka\u017ee tajanstveno za Sportski \u017eurnal trener Borca, <b>Milomir Odovi\u0107.<\/b><\/p>\n<p>Prenosimo Vam i reakcije Vlade Jagodi\u0107a i \u0111or\u0111a In\u0111i\u0107a koje su dali za <i>Sportski \u017eurnal.<\/i><\/p>\n<p>&#8221; <i> Kada sredi papirologiju vrati\u0107e se na pripreme u Me\u0111ugorje.<\/i>&#8220;, isti\u010de <b>Vlado Jagodi\u0107<\/b>, a na konstataciju novinara Sportskog \u00aeurnala (Slavko Basara) da je logi\u010dno da to klub rije\u0161i, Jagodi\u0107 odgovara: &#8220;<i>Mnogo me pitate, nemam komentar.<\/i>&#8220;.<\/p>\n<p>&#8220;<i> Ne znam \u0161ta se de\u0161ava. Moram da odem do kluba i da provjerim. <\/i>&#8220;, komentar je novonastale situacije, <b> \u0111or\u0111a In\u0111i\u0107a.<\/b><\/p>\n<p>Naravno, sve je to iznenadilo predsjednika Borca, <b>Milorada Janjetovi\u0107a<\/b>, koji vjerovatno nije o\u010dekivao ovakva de\u0161avanja.<\/p>\n<p>&#8220;<i> Opet se de\u0161avaju \u010dudne stvari, dobro \u0107u ispitati situaciju i vidjeti \u0161ta se doga\u0111a. In\u0111i\u0107 \u0107e se danas vratiti na pripreme u Me\u0111ugorje. <\/i>&#8220;, kategori\u010dan je za Sportski \u017eurnal, predsjednik Borca, <b>Milorad Janjetovi\u0107.<\/b><\/p>\n","protected":false},"excerpt":{"rendered":"<p><img loading=\"lazy\" decoding=\"async\" width=\"85\" height=\"120\" align=\"left\" src=\"\/wp-content\/uploads\/articles_images\/20080129232451348_1.jpg\" alt=\"\"> <b>\u0111or\u0111e In\u0111i\u0107<\/b> prije nekoliko dana je poja\u010dao banjalu\u010dki Borac. Odmah je oti\u0161ao za Me\u0111ugorje gdje se Banjalu\u010dani pripremaju za nastavak sezone. Me\u0111utim, samo \u0161to je stigao odmah se i <b>vratio za Banjaluku.<\/b><\/p>\n<p>Trener Borca, <b>Milomir Odovi\u0107<\/b>, vratio je In\u0111i\u0107a jer o\u010digledno nije zadovoljan njegovim kvalitetima. Sve to ne bi bilo \u010dudno, da In\u0111i\u0107 nije do\u0161ao na preporuku novog sportskog direktora Borca, <b>Vlade Jagodi\u0107a.<\/b><\/p>\n","protected":false},"author":74,"featured_media":0,"comment_status":"open","ping_status":"open","sticky":false,"template":"","format":"standard","meta":{"ngg_post_thumbnail":0,"footnotes":""},"categories":[7],"tags":[],"class_list":["post-266","post","type-post","status-publish","format-standard","hentry","category-arhiv"],"_links":{"self":[{"href":"https:\/\/banjalukasport.com\/index.php?rest_route=\/wp\/v2\/posts\/266","targetHints":{"allow":["GET"]}}],"collection":[{"href":"https:\/\/banjalukasport.com\/index.php?rest_route=\/wp\/v2\/posts"}],"about":[{"href":"https:\/\/banjalukasport.com\/index.php?rest_route=\/wp\/v2\/types\/post"}],"author":[{"embeddable":true,"href":"https:\/\/banjalukasport.com\/index.php?rest_route=\/wp\/v2\/users\/74"}],"replies":[{"embeddable":true,"href":"https:\/\/banjalukasport.com\/index.php?rest_route=%2Fwp%2Fv2%2Fcomments&post=266"}],"version-history":[{"count":0,"href":"https:\/\/banjalukasport.com\/index.php?rest_route=\/wp\/v2\/posts\/266\/revisions"}],"wp:attachment":[{"href":"https:\/\/banjalukasport.com\/index.php?rest_route=%2Fwp%2Fv2%2Fmedia&parent=266"}],"wp:term":[{"taxonomy":"category","embeddable":true,"href":"https:\/\/banjalukasport.com\/index.php?rest_route=%2Fwp%2Fv2%2Fcategories&post=266"},{"taxonomy":"post_tag","embeddable":true,"href":"https:\/\/banjalukasport.com\/index.php?rest_route=%2Fwp%2Fv2%2Ftags&post=266"}],"curies":[{"name":"wp","href":"https:\/\/api.w.org\/{rel}","templated":true}]}}