{"id":261,"date":"2008-01-11T10:26:39","date_gmt":"2008-01-11T10:26:39","guid":{"rendered":"https:\/\/banjalukasport.com\/?p=261"},"modified":"2008-01-11T10:26:39","modified_gmt":"2008-01-11T10:26:39","slug":"izbor-sportiste-godine-banjaluke","status":"publish","type":"post","link":"https:\/\/banjalukasport.com\/?p=261","title":{"rendered":"IZBOR SPORTISTE GODINE BANJALUKE"},"content":{"rendered":"<p><img loading=\"lazy\" decoding=\"async\" width=\"120\" height=\"41\" align=\"left\" src=\"\/wp-content\/uploads\/articles_images\/20080111192639956_1.jpg\" alt=\"\"> Ve\u0107 na po\u010detku godine, po tradiciji, bira se <b>najbolji sportista i sportskinja u 2007. godini, zatim najtalentovaniji sportista, najbolja sportska organizacija, manifestacija, sportska \u0161kola i sportista u sportu invalidnih lica<\/b>.<\/p>\n<p>Ina\u010de, u prostorijama Administrativne slu\u017ebe grada Banjaluka odr\u017ean je prvi sastanak stru\u010dnog \u017eirija za \u0161esti izbor najboljih sportista najve\u0107eg grada Republike Srpske.<br \/>\n &#8222;<i>Zavr\u0161na sve\u010danost bi\u0107e odr\u017eana u velikoj Sali Banskog dvora u prvoj polovini februara, ali ve\u0107 sada mogu da ka\u017eem da \u0107e to biti sportsko ve\u010de za pam\u0107enje. Ovog puta, anga\u017eovali smo agenciju &#8222;Akvarius&#8220; koja ima iskustva u organizaciji ovakvih i sli\u010dnih manifestacija tako da \u0107e sve\u010dani \u010din progla\u0161enja izgledati zaista glamurozno.<\/i>&#8220;, izjavio je za Glas Srpske nakon sastanka, predsjednik stru\u010dnog \u017eirija, <b>Zoran Novakovi\u0107<\/b>.<\/p>\n<p>Na adresu organizatora, Savjeta za sport grada Banjaluka, stiglo je <b>39 nominacija<\/b>, a na narednoj sjednici \u017eirija, koja je zakazana za 19. januar, lista \u0107e biti znatno skra\u0107ena.  <\/p>\n","protected":false},"excerpt":{"rendered":"<p><img loading=\"lazy\" decoding=\"async\" width=\"120\" height=\"41\" align=\"left\" src=\"\/wp-content\/uploads\/articles_images\/20080111192639956_1.jpg\" alt=\"\"> Ve\u0107 na po\u010detku godine, po tradiciji, bira se <b>najbolji sportista i sportskinja u 2007. godini, zatim najtalentovaniji sportista, najbolja sportska organizacija, manifestacija, sportska \u0161kola i sportista u sportu invalidnih lica<\/b>.<\/p>\n<p>Ina\u010de, u prostorijama Administrativne slu\u017ebe grada Banjaluka odr\u017ean je prvi sastanak stru\u010dnog \u017eirija za \u0161esti izbor najboljih sportista najve\u0107eg grada Republike Srpske. <\/p>\n","protected":false},"author":74,"featured_media":0,"comment_status":"open","ping_status":"open","sticky":false,"template":"","format":"standard","meta":{"ngg_post_thumbnail":0,"footnotes":""},"categories":[7],"tags":[],"class_list":["post-261","post","type-post","status-publish","format-standard","hentry","category-arhiv"],"_links":{"self":[{"href":"https:\/\/banjalukasport.com\/index.php?rest_route=\/wp\/v2\/posts\/261","targetHints":{"allow":["GET"]}}],"collection":[{"href":"https:\/\/banjalukasport.com\/index.php?rest_route=\/wp\/v2\/posts"}],"about":[{"href":"https:\/\/banjalukasport.com\/index.php?rest_route=\/wp\/v2\/types\/post"}],"author":[{"embeddable":true,"href":"https:\/\/banjalukasport.com\/index.php?rest_route=\/wp\/v2\/users\/74"}],"replies":[{"embeddable":true,"href":"https:\/\/banjalukasport.com\/index.php?rest_route=%2Fwp%2Fv2%2Fcomments&post=261"}],"version-history":[{"count":0,"href":"https:\/\/banjalukasport.com\/index.php?rest_route=\/wp\/v2\/posts\/261\/revisions"}],"wp:attachment":[{"href":"https:\/\/banjalukasport.com\/index.php?rest_route=%2Fwp%2Fv2%2Fmedia&parent=261"}],"wp:term":[{"taxonomy":"category","embeddable":true,"href":"https:\/\/banjalukasport.com\/index.php?rest_route=%2Fwp%2Fv2%2Fcategories&post=261"},{"taxonomy":"post_tag","embeddable":true,"href":"https:\/\/banjalukasport.com\/index.php?rest_route=%2Fwp%2Fv2%2Ftags&post=261"}],"curies":[{"name":"wp","href":"https:\/\/api.w.org\/{rel}","templated":true}]}}