{"id":252,"date":"2008-01-09T05:12:07","date_gmt":"2008-01-09T05:12:07","guid":{"rendered":"https:\/\/banjalukasport.com\/?p=252"},"modified":"2008-01-09T05:12:07","modified_gmt":"2008-01-09T05:12:07","slug":"fudbalkoroman-u-banjaluci","status":"publish","type":"post","link":"https:\/\/banjalukasport.com\/?p=252","title":{"rendered":"FUDBAL:Koroman u Banjaluci"},"content":{"rendered":"<p><img loading=\"lazy\" decoding=\"async\" width=\"99\" height=\"150\" align=\"left\" src=\"\/wp-content\/uploads\/articles_images\/20080109141207982_1.jpg\" alt=\"\"> U okviru obilje\u017eavanja 9. januara, dana Republike Srpske, predsjednik Vlade Srpske, <b>Milorad Dodik<\/b>, i ministar za porodicu, omladinu i sport, <b>Proko Dragosavljevi\u0107<\/b>, danas su primili fudbalera Crvene Zvezde, <b>Ognjena Koromana<\/b>. <\/p>\n<p>Premijer, Milorad Dodik, je izrazio veliko zadovoljstvo \u0161to je jo\u0161 jednom ugostio istaknutog fudbalera, Ognjena Koromana, koji je, prema njegovim rije\u010dima, jedan od <b>najboljih promotera Republike Srpske u svijetu<\/b>.<br \/>\n &#8220;<i> Posebno nam je drago \u0161to Ognjen i pored svojih odli\u010dnih igara, nije zaboravio odakle poti\u010de i \u0161to uvijek se trudi da promovi\u0161e Republiku Srpsku u svijetu. Razgovarali smo o svemu, najvi\u0161e o tome kako da unaprijedmo na\u0161 sport. Koroman se mnogo interesovao za fudbal, posebno za FK Borac, jer \u017eeli da ovaj klub ponovo bude u samom vrhu BH fudbala i da \u0161to prije iza\u0111e na evropsku scenu. <\/i>&#8220;, izjavio je <b>Milorad Dodik<\/b>, nakon prijema. <\/p>\n<p>Ognjen Koroman odli\u010dnim igrama u dresu Crvene Zvezde i reprezentacije Srbije, ali i brojnim humanitarnim akcijama, zaslu\u017eio je epitet sportskog ambasadora Republike Srpske u pro\u0161loj godini. Koroman najavljuje da \u0107e <b>titulu ambasadora opravdati i u 2008. godini<\/b>. <\/p>\n<p>&#8220;<i> I pro\u0161le godine sam bio ovdje na proslavi Dana Republike Srpske. Nadam se da \u0107u to \u010diniti i u budu\u0107nosti, \u0161to bi se reklo, do vijeka. Imam veliku \u017eelju da i u budu\u0107nosti svojim igrama i humanitarnim akcijama promovi\u0161em RS u svijetu i \u010duvam njen integritet. <\/i>&#8220;, izjavio je poslije prijema, <b>Ognjen Koroman<\/b>. <\/p>\n<p>Koromana poznajemo kao strastvenog fudbalera Crvene Zvezde. Me\u0111utim, za dobrobit Republike Srpske, Koroman, je spreman da u ovom prelaznom roku <b>pre\u0111e i u redove najlju\u0107eg rivala, Partizana<\/b>.<\/p>\n<p>&#8220;<i> Ba\u0161 sam na ovom razgovoru sa premijerom Dodikom, koji je veliki Partizanovac, rekao da \u0107u za dobrobit Republike Srpske pre\u0107i i u redove Partizana. Naravno, \u0161alim se.<\/i>, na\u0161alio se <b>Ognjen Koroman<\/b>. <\/p>\n<p>Ognjen Koroman je jo\u0161 uvijek \u010dlan Crvene Zvezde s kojom \u017eeli da ponovo osvoji duplu krunu u Srbiji. <\/p>\n<p>&#8220;<i>Po\u010deo je prelazni rok u Srbiji. I dalje sam \u010dlan Crvene Zvezde i \u017eelio bih da i dalje igram u crveno-belom dresu. Razmatram ponude koje pristi\u017eu na moju adresu i mogu da ka\u017eem da \u0107u Marakanu napustiti samo u slu\u010daju da dobijem basnoslovnu ponudu, koja se jednostavno ne smije odbiti.<\/i>&#8220;, izjavio je i ovim povodom,<b> Ognjen Koroman<\/b>. <\/p>\n<p>Ognjen Koroman se polako bli\u017ei 30. godini. Iako \u017eeli  i dalje da igra za reprezentaciju Srbije, ne\u0107e shvatiti tragi\u010dno, ako ne bude pozvan za A tim.<\/p>\n<p>&#8220;<i>Moja \u017eelja da igram za Srbiju je nesporna, ali isto tako, ako me Miroslav \u0111uki\u0107, ne pozove ne\u0107u to prihvatati trgai\u010dno jer u Srbiji ima dosta mladih i kvalitetnih igra\u010da koji treba da dobiju adekvatnu \u0161ansu. Uvijek \u0107u naivjati za Srbiju, igra za nju ili ne, i iskreno se nadam da \u0107emo se kvalifikovati za Svjetsko prvenstvo 2010. godine. Ukoliko to ne u\u010dinimo bi\u0107e to pogubno za srpski fudbal.<\/i>&#8220;, zaklju\u010dio je na kraju, <b>Ognjen Koroman<\/b>. <\/p>\n","protected":false},"excerpt":{"rendered":"<p><img loading=\"lazy\" decoding=\"async\" width=\"99\" height=\"150\" align=\"left\" src=\"\/wp-content\/uploads\/articles_images\/20080109141207982_1.jpg\" alt=\"\"> U okviru obilje\u017eavanja 9. januara, dana Republike Srpske, predsjednik Vlade Srpske, <b>Milorad Dodik<\/b>, i ministar za porodicu, omladinu i sport, <b>Proko Dragosavljevi\u0107<\/b>, danas su primili fudbalera Crvene Zvezde, <b>Ognjena Koromana<\/b>. <\/p>\n<p>Premijer, Milorad Dodik, je izrazio veliko zadovoljstvo \u0161to je jo\u0161 jednom ugostio istaknutog fudbalera, Ognjena Koromana, koji je, prema njegovim rije\u010dima, jedan od <b>najboljih promotera Republike Srpske u svijetu<\/b>.<\/p>\n","protected":false},"author":74,"featured_media":0,"comment_status":"open","ping_status":"open","sticky":false,"template":"","format":"standard","meta":{"ngg_post_thumbnail":0,"footnotes":""},"categories":[7],"tags":[],"class_list":["post-252","post","type-post","status-publish","format-standard","hentry","category-arhiv"],"_links":{"self":[{"href":"https:\/\/banjalukasport.com\/index.php?rest_route=\/wp\/v2\/posts\/252","targetHints":{"allow":["GET"]}}],"collection":[{"href":"https:\/\/banjalukasport.com\/index.php?rest_route=\/wp\/v2\/posts"}],"about":[{"href":"https:\/\/banjalukasport.com\/index.php?rest_route=\/wp\/v2\/types\/post"}],"author":[{"embeddable":true,"href":"https:\/\/banjalukasport.com\/index.php?rest_route=\/wp\/v2\/users\/74"}],"replies":[{"embeddable":true,"href":"https:\/\/banjalukasport.com\/index.php?rest_route=%2Fwp%2Fv2%2Fcomments&post=252"}],"version-history":[{"count":0,"href":"https:\/\/banjalukasport.com\/index.php?rest_route=\/wp\/v2\/posts\/252\/revisions"}],"wp:attachment":[{"href":"https:\/\/banjalukasport.com\/index.php?rest_route=%2Fwp%2Fv2%2Fmedia&parent=252"}],"wp:term":[{"taxonomy":"category","embeddable":true,"href":"https:\/\/banjalukasport.com\/index.php?rest_route=%2Fwp%2Fv2%2Fcategories&post=252"},{"taxonomy":"post_tag","embeddable":true,"href":"https:\/\/banjalukasport.com\/index.php?rest_route=%2Fwp%2Fv2%2Ftags&post=252"}],"curies":[{"name":"wp","href":"https:\/\/api.w.org\/{rel}","templated":true}]}}