{"id":2355,"date":"2010-04-27T17:04:30","date_gmt":"2010-04-27T17:04:30","guid":{"rendered":"https:\/\/banjalukasport.com\/?p=2355"},"modified":"2010-04-27T17:04:30","modified_gmt":"2010-04-27T17:04:30","slug":"rukomet-5-juna-sve-ce-biti-poznato","status":"publish","type":"post","link":"https:\/\/banjalukasport.com\/?p=2355","title":{"rendered":"RUKOMET: 5.juna sve \u0107e biti poznato"},"content":{"rendered":"<p><img loading=\"lazy\" decoding=\"async\" width=\"200\" height=\"140\" class=\"floatleft\" src=\"\/wp-content\/uploads\/articles_images\/20100428020430318_1.jpg\" alt=\"\"> Vi\u0161estruke prvakinje i osvaja\u010dice Kupa BiH, rukometa\u0161ice banjolu\u010dkog Borca, mogle bi se od naredne sezone takmi\u010diti u regionalnoj ligi. Naime, odluku o Bor\u010devom u\u010de\u0161\u0107u donije\u0107e po\u010detkom juna Skup\u0161tina ove lige. &#8211; Prvog vikenda u junu, 5. i 6, na rasporedu je finalni turnir ovog takmi\u010denja u Podgorici. Tada \u0107e se \u010dlanovi Skup\u0161tine sastati i raspravljati o tome da li \u0107emo se mi naredne sezone pridru\u017eiti ovom karavanu, \u0161to je na\u0161a velika \u017eelja &#8211; rekao je direktor Borca, Ranko Gligori\u0107.<\/p>\n<p>Svi su svjesni da bi takmi\u010denje u regionalnoj ligi mnogo zna\u010dilo za ekipu koju predvodi stru\u010dnjak Rade Un\u010danin.<\/p>\n<p>&#8211; Nama je to prijeko potrebno. Djevojke imaju sve manje motiva i neophodne su nam izuzetno jake utakmice kako bi ova ekipa jo\u0161 vi\u0161e napredovala. Ovako, te\u0161ko je sve to, prije svega motivisati djevojke &#8211; rije\u010di su stratega Borca.<\/p>\n<p>Kada Borac igra, izuzev Ljubu\u0161kog, donekle  Ilid\u017ee i Katarine, pitanje pobjednika se unaprijed zna, jedino je enigma s kolikom razlikom \u0107e trijumfovati &quot;crveno-plave&quot;.<\/p>\n<p>&#8211; Regionalna liga je neophodna i za razvoj kluba uop\u0161te, nadam se da \u0107emo na taj na\u010din privu\u0107i sponzore vratiti gledaoce u dvoranu. Svi sa nestrpljenjem o\u010dekujemo Skup\u0161tinu ove lige, a naglasio bih da su sve ono dobro vezano za ovo takmi\u010denje prepoznali u Ministarstvu porodice, omladine i sporta u Vladi RS, te Gradu Banja Luka &#8211; istakao je Rade Un\u010danin.<\/p>\n<p>Ukoliko se pozitivno rije\u0161i pitanje u\u010de\u0161\u0107a &quot;osica&quot; u regionalnoj ligi, &quot;Borik&quot; bi od jeseni mogao ugostiti Hipo (Austrija), Podravku, Lokomotivu (Hrvatska), Budu\u0107nost (Crna Gora), Krim (Slovenija)&#8230;<\/p>\n<p>Napomena: Tekst preuzet iz Fokusa<\/p>\n","protected":false},"excerpt":{"rendered":"<p><img loading=\"lazy\" decoding=\"async\" width=\"200\" height=\"140\" class=\"floatleft\" src=\"\/wp-content\/uploads\/articles_images\/20100428020430318_1.jpg\" alt=\"\"> Vi\u0161estruke prvakinje i osvaja\u010dice Kupa BiH, rukometa\u0161ice banjolu\u010dkog Borca, mogle bi se od naredne sezone takmi\u010diti u regionalnoj ligi. Naime, odluku o Bor\u010devom u\u010de\u0161\u0107u donije\u0107e po\u010detkom juna Skup\u0161tina ove lige.<\/p>\n","protected":false},"author":74,"featured_media":0,"comment_status":"open","ping_status":"open","sticky":false,"template":"","format":"standard","meta":{"ngg_post_thumbnail":0,"footnotes":""},"categories":[7],"tags":[],"class_list":["post-2355","post","type-post","status-publish","format-standard","hentry","category-arhiv"],"_links":{"self":[{"href":"https:\/\/banjalukasport.com\/index.php?rest_route=\/wp\/v2\/posts\/2355","targetHints":{"allow":["GET"]}}],"collection":[{"href":"https:\/\/banjalukasport.com\/index.php?rest_route=\/wp\/v2\/posts"}],"about":[{"href":"https:\/\/banjalukasport.com\/index.php?rest_route=\/wp\/v2\/types\/post"}],"author":[{"embeddable":true,"href":"https:\/\/banjalukasport.com\/index.php?rest_route=\/wp\/v2\/users\/74"}],"replies":[{"embeddable":true,"href":"https:\/\/banjalukasport.com\/index.php?rest_route=%2Fwp%2Fv2%2Fcomments&post=2355"}],"version-history":[{"count":0,"href":"https:\/\/banjalukasport.com\/index.php?rest_route=\/wp\/v2\/posts\/2355\/revisions"}],"wp:attachment":[{"href":"https:\/\/banjalukasport.com\/index.php?rest_route=%2Fwp%2Fv2%2Fmedia&parent=2355"}],"wp:term":[{"taxonomy":"category","embeddable":true,"href":"https:\/\/banjalukasport.com\/index.php?rest_route=%2Fwp%2Fv2%2Fcategories&post=2355"},{"taxonomy":"post_tag","embeddable":true,"href":"https:\/\/banjalukasport.com\/index.php?rest_route=%2Fwp%2Fv2%2Ftags&post=2355"}],"curies":[{"name":"wp","href":"https:\/\/api.w.org\/{rel}","templated":true}]}}