{"id":2344,"date":"2010-04-22T13:07:54","date_gmt":"2010-04-22T13:07:54","guid":{"rendered":"https:\/\/banjalukasport.com\/?p=2344"},"modified":"2010-04-22T13:07:54","modified_gmt":"2010-04-22T13:07:54","slug":"atletika-laslo-tot-najbrzi","status":"publish","type":"post","link":"https:\/\/banjalukasport.com\/?p=2344","title":{"rendered":"ATLETIKA: Laslo Tot najbr\u017ei"},"content":{"rendered":"<p><img loading=\"lazy\" decoding=\"async\" width=\"200\" height=\"140\" class=\"floatleft\" src=\"\/wp-content\/uploads\/articles_images\/20100422220754576_1.jpg\" alt=\"\"> Ma\u0111ar Laslo Tot pobjednik je me\u0111unarodne atletske uli\u010dne trke &quot;Banja Luka 2010&quot;, odr\u017eane povodom obilje\u017eavanja Dana grada. Drugi je bio pro\u0161logodi\u0161nji pobjednik, Mirko Petrovi\u0107 iz U\u017eica, a tre\u0107i Velibor Bojovi\u0107 iz Kosova Polja. Od po\u010detka do kraja trke Tot i Petrovi\u0107 su vodili veliku borbu, da bi Ma\u0111ar poja\u010dao u fini\u0161u i slavio ispred U\u017ei\u010danina.<\/p>\n<p>&#8211; Dobro sam pripremio taktiku, bila je jaka konkurencija, ali sam sa\u010duvao snagu za fini\u0161 i uspio da pobijedim &#8211; rekao je Tot.<\/p>\n<p>Petrovi\u0107 ka\u017ee da ostaje \u017eal \u0161to nije odbranio pobjedni\u010dki pehar od pro\u0161le godine, ali&#8230; <\/p>\n<p>&#8211; S obzirom na to u kakvom sam stanju tr\u010dao, ovo je dobar plasman. Pripremao sam se na Zlataru, dobro radio, ali me potom uhvatila jaka prehlada. To se odrazilo, ali mogu biti zadovoljan &#8211; rekao je Petrovi\u0107.<\/p>\n<p>U glavnoj trci dana u\u010destvovalo je 30 seniora i \u0161est juniora u \u010dijoj konkurenciji je pobijedio Nemanja Koji\u0107, drugi bio Osman Janju\u0161evi\u0107, a tre\u0107i Radoslav Furtula, svi iz BiH.<\/p>\n<p>Osim glavne trke, tr\u010dali su i u\u010denici osnovnih i srednjih \u0161kola, te najmla\u0111i u\u010desnici, cicibani. Ukupno je nastupilo vi\u0161e od tri hiljade u\u010desnika.<\/p>\n<p>Organizator trke, kao i do sada, bio je AK Borac, a pokrovitelji Administrativna slu\u017eba Grada i Ministarstvo porodice, omladine i sporta RS.<\/p>\n<p>Napomena: Tekst preuzet iz Fokusa<\/p>\n","protected":false},"excerpt":{"rendered":"<p><img loading=\"lazy\" decoding=\"async\" width=\"200\" height=\"140\" class=\"floatleft\" src=\"\/wp-content\/uploads\/articles_images\/20100422220754576_1.jpg\" alt=\"\"> Ma\u0111ar Laslo Tot pobjednik je me\u0111unarodne atletske uli\u010dne trke &quot;Banja Luka 2010&quot;, odr\u017eane povodom obilje\u017eavanja Dana grada. Drugi je bio pro\u0161logodi\u0161nji pobjednik, Mirko Petrovi\u0107 iz U\u017eica, a tre\u0107i Velibor Bojovi\u0107 iz Kosova Polja.<\/p>\n","protected":false},"author":74,"featured_media":0,"comment_status":"open","ping_status":"open","sticky":false,"template":"","format":"standard","meta":{"ngg_post_thumbnail":0,"footnotes":""},"categories":[7],"tags":[],"class_list":["post-2344","post","type-post","status-publish","format-standard","hentry","category-arhiv"],"_links":{"self":[{"href":"https:\/\/banjalukasport.com\/index.php?rest_route=\/wp\/v2\/posts\/2344","targetHints":{"allow":["GET"]}}],"collection":[{"href":"https:\/\/banjalukasport.com\/index.php?rest_route=\/wp\/v2\/posts"}],"about":[{"href":"https:\/\/banjalukasport.com\/index.php?rest_route=\/wp\/v2\/types\/post"}],"author":[{"embeddable":true,"href":"https:\/\/banjalukasport.com\/index.php?rest_route=\/wp\/v2\/users\/74"}],"replies":[{"embeddable":true,"href":"https:\/\/banjalukasport.com\/index.php?rest_route=%2Fwp%2Fv2%2Fcomments&post=2344"}],"version-history":[{"count":0,"href":"https:\/\/banjalukasport.com\/index.php?rest_route=\/wp\/v2\/posts\/2344\/revisions"}],"wp:attachment":[{"href":"https:\/\/banjalukasport.com\/index.php?rest_route=%2Fwp%2Fv2%2Fmedia&parent=2344"}],"wp:term":[{"taxonomy":"category","embeddable":true,"href":"https:\/\/banjalukasport.com\/index.php?rest_route=%2Fwp%2Fv2%2Fcategories&post=2344"},{"taxonomy":"post_tag","embeddable":true,"href":"https:\/\/banjalukasport.com\/index.php?rest_route=%2Fwp%2Fv2%2Ftags&post=2344"}],"curies":[{"name":"wp","href":"https:\/\/api.w.org\/{rel}","templated":true}]}}