{"id":2339,"date":"2010-04-23T06:44:07","date_gmt":"2010-04-23T06:44:07","guid":{"rendered":"https:\/\/banjalukasport.com\/?p=2339"},"modified":"2010-04-23T06:44:07","modified_gmt":"2010-04-23T06:44:07","slug":"fudbal-prvo-na-gradskom-pa-potom-na-grbavici","status":"publish","type":"post","link":"https:\/\/banjalukasport.com\/?p=2339","title":{"rendered":"FUDBAL: Prvo na Gradskom, pa potom na Grbavici"},"content":{"rendered":"<p><img loading=\"lazy\" decoding=\"async\" width=\"136\" height=\"103\" class=\"floatleft\" src=\"\/wp-content\/uploads\/articles_images\/20100423154407626_1.jpg\" alt=\"\"> Odre\u0111eno je ko \u0107e biti doma\u0107in prve utakmice finala fudbalskog Kupa Bosne i Hercegovine. To je Borac koji \u0107e 5. maja do\u010dekati \u00aeeljezni\u010dar. Revan\u0161 je na programu 19. maja na Grbavici. U nastavku pro\u010ditajte o\u010dekivanja trenera Borca Zoran Mari\u0107.  &quot;Neko je morao biti doma\u0107in u prvom susretu. Iskreno, ja sam pri\u017eeljkivao da odluku o pobjedniku Kupa Bosne i Hercegovine bude done\u0161ena u Banja Luci, odnosno volio bih da je revan\u0161 na na\u0161em terenu, no \u0161ta je tu je&quot;, rekao je Mari\u0107 za <a href=\"http:\/\/SportSport.ba\">http:\/\/SportSport.ba<\/a> i dodao:<\/p>\n<p>&quot;Me\u0111utim, kad sve saberem i oduzmem mislim da uop\u0161te nije bitno ko je doma\u0107in u prvom, a ko u drugom susretu. Bolja mom\u010dad \u0107e na kraju podi\u0107i pehar, a mi \u0107emo se potruditi da u Banja Luci ostvarimo \u0161to bolji rezultat. Podr\u0161ka publike nam je jako bitna i zbog toga pozivam sve navija\u010de Borca da 5. maja u \u0161to ve\u0107em broju do\u0111u na utakmicu&quot;.<\/p>\n","protected":false},"excerpt":{"rendered":"<p><img loading=\"lazy\" decoding=\"async\" width=\"136\" height=\"103\" class=\"floatleft\" src=\"\/wp-content\/uploads\/articles_images\/20100423154407626_1.jpg\" alt=\"\"> Odre\u0111eno je ko \u0107e biti doma\u0107in prve utakmice finala fudbalskog Kupa Bosne i Hercegovine. To je Borac koji \u0107e 5. maja do\u010dekati \u00aeeljezni\u010dar. Revan\u0161 je na programu 19. maja na Grbavici. U nastavku pro\u010ditajte o\u010dekivanja trenera Borca Zoran Mari\u0107. <\/p>\n","protected":false},"author":74,"featured_media":0,"comment_status":"open","ping_status":"open","sticky":false,"template":"","format":"standard","meta":{"ngg_post_thumbnail":0,"footnotes":""},"categories":[7],"tags":[],"class_list":["post-2339","post","type-post","status-publish","format-standard","hentry","category-arhiv"],"_links":{"self":[{"href":"https:\/\/banjalukasport.com\/index.php?rest_route=\/wp\/v2\/posts\/2339","targetHints":{"allow":["GET"]}}],"collection":[{"href":"https:\/\/banjalukasport.com\/index.php?rest_route=\/wp\/v2\/posts"}],"about":[{"href":"https:\/\/banjalukasport.com\/index.php?rest_route=\/wp\/v2\/types\/post"}],"author":[{"embeddable":true,"href":"https:\/\/banjalukasport.com\/index.php?rest_route=\/wp\/v2\/users\/74"}],"replies":[{"embeddable":true,"href":"https:\/\/banjalukasport.com\/index.php?rest_route=%2Fwp%2Fv2%2Fcomments&post=2339"}],"version-history":[{"count":0,"href":"https:\/\/banjalukasport.com\/index.php?rest_route=\/wp\/v2\/posts\/2339\/revisions"}],"wp:attachment":[{"href":"https:\/\/banjalukasport.com\/index.php?rest_route=%2Fwp%2Fv2%2Fmedia&parent=2339"}],"wp:term":[{"taxonomy":"category","embeddable":true,"href":"https:\/\/banjalukasport.com\/index.php?rest_route=%2Fwp%2Fv2%2Fcategories&post=2339"},{"taxonomy":"post_tag","embeddable":true,"href":"https:\/\/banjalukasport.com\/index.php?rest_route=%2Fwp%2Fv2%2Ftags&post=2339"}],"curies":[{"name":"wp","href":"https:\/\/api.w.org\/{rel}","templated":true}]}}