{"id":230,"date":"2008-01-03T04:22:06","date_gmt":"2008-01-03T04:22:06","guid":{"rendered":"https:\/\/banjalukasport.com\/?p=230"},"modified":"2008-01-03T04:22:06","modified_gmt":"2008-01-03T04:22:06","slug":"ko%c2%a9arka-sanjam-da-mladi-krajisnik-osvoji-titulu","status":"publish","type":"post","link":"https:\/\/banjalukasport.com\/?p=230","title":{"rendered":"KO\u00a9ARKA: Sanjam da Mladi Kraji\u0161nik osvoji titulu"},"content":{"rendered":"<p><img loading=\"lazy\" decoding=\"async\" width=\"120\" height=\"91\" align=\"left\" src=\"\/wp-content\/uploads\/articles_images\/20080103132206294_1.jpg\" alt=\"\"> <b>Dragoslava \u00aeakula<\/b>, prvotimka Mladog Kraji\u0161nika progla\u0161ena je <b>najboljom ko\u0161arka\u0161icom Republike Srpske u 2007. godini<\/b>. <\/p>\n<p>I u novu godinu iskusna igra\u010dica ulazi s mnogo optimizima u nadi da \u0107e &#8220;malene&#8221; posti\u0107i jo\u0161 bolje rezultate. U nastavku vam donosimo intervju koji je, Dragoslava \u00aeakula, dala za banjalu\u010dki list <b>Fokus<\/b>.<br \/>\n <b>FOKUS<\/b>: \u00a9to se ti\u010de ko\u0161arka\u0161ke karijere \u0161ta ste u novogodi\u0161njoj no\u0107i po\u017eeljeli da vam se desi u 2008. godini?<\/p>\n<p><b>\u00aeAKULA<\/b>: Da Mladi Kraji\u0161nik osvoji titulu! Nikad se ne zna. Imamo mladu ekipu, ali i ove djevoj\u010dice su starije godinu dana, iskusnije su, iza sebe do plej-ofa ima\u0107emo odigranu jako takmi\u010denje, WABA ligu&#8230;<\/p>\n<p><b>FOKUS<\/b>: Da li postoji mogu\u0107nost da do kraja godine promijenite sredinu?<\/p>\n<p><b>\u00aeAKULA<\/b>: Mislim da \u0107u do kraja sezone ostati u Mladom Kraji\u0161niku, a kasnije vidje\u0107u \u0161ta \u0107u. Ne vjerujem da bih opet mogla oti\u0107i na mjesec dana kao \u0161to sam i\u0161la, pa opet se vra\u0107ati, ipak, ovdje imam porodicu i privatne planove.<\/p>\n<p><b>FOKUS<\/b>: Da li priznanje zna\u010di da ste u 2007. godini ispunili sve planove?<\/p>\n<p><b>\u00aeAKULA<\/b>: \u00aeeljeli smo vi\u0161e u zavr\u0161nici prvenstva i ostaje \u017eal za tim, ali mislim objektivno da i nismo mogli vi\u0161e. Nadam se da \u0107emo ove godine to popraviti. \u00a9to se ti\u010de moje igre, zadovoljna sam.<\/p>\n<p><b>FOKUS<\/b>: Piznanje za najboljeg pojedinca u Srpskoj Dragoslava \u00aeakula dobila je u 34. godini. S obzirom na razliku u iskustvu mo\u017ee li se napraviti razlika i u zna\u010denju nagrade?<\/p>\n<p><b>\u00aeAKULA<\/b>: To zavisi malo i od li\u010dnosti, nemam ni\u0161ta protiv da to dobiju i mla\u0111e ko\u0161arka\u0161ice, jer mo\u017ee da im poslu\u017ei kao podstrek za dalji rad. Priznanje svakako godi, ali ko\u0161arka je kolektivni sport i da moja ekipa i drugarice nisu igrale dobro, ne bih ni ja bila progla\u0161ena za najbolju igra\u010dicu.<\/p>\n","protected":false},"excerpt":{"rendered":"<p><img loading=\"lazy\" decoding=\"async\" width=\"120\" height=\"91\" align=\"left\" src=\"\/wp-content\/uploads\/articles_images\/20080103132206294_1.jpg\" alt=\"\"> <b>Dragoslava \u00aeakula<\/b>, prvotimka Mladog Kraji\u0161nika progla\u0161ena je <b>najboljom ko\u0161arka\u0161icom Republike Srpske u 2007. godini<\/b>. <\/p>\n<p>I u novu godinu iskusna igra\u010dica ulazi s mnogo optimizima u nadi da \u0107e &#8220;malene&#8221; posti\u0107i jo\u0161 bolje rezultate. U nastavku vam donosimo intervju koji je, Dragoslava \u00aeakula, dala za banjalu\u010dki list <b>Fokus<\/b>. <\/p>\n","protected":false},"author":74,"featured_media":0,"comment_status":"open","ping_status":"open","sticky":false,"template":"","format":"standard","meta":{"ngg_post_thumbnail":0,"footnotes":""},"categories":[7],"tags":[],"class_list":["post-230","post","type-post","status-publish","format-standard","hentry","category-arhiv"],"_links":{"self":[{"href":"https:\/\/banjalukasport.com\/index.php?rest_route=\/wp\/v2\/posts\/230","targetHints":{"allow":["GET"]}}],"collection":[{"href":"https:\/\/banjalukasport.com\/index.php?rest_route=\/wp\/v2\/posts"}],"about":[{"href":"https:\/\/banjalukasport.com\/index.php?rest_route=\/wp\/v2\/types\/post"}],"author":[{"embeddable":true,"href":"https:\/\/banjalukasport.com\/index.php?rest_route=\/wp\/v2\/users\/74"}],"replies":[{"embeddable":true,"href":"https:\/\/banjalukasport.com\/index.php?rest_route=%2Fwp%2Fv2%2Fcomments&post=230"}],"version-history":[{"count":0,"href":"https:\/\/banjalukasport.com\/index.php?rest_route=\/wp\/v2\/posts\/230\/revisions"}],"wp:attachment":[{"href":"https:\/\/banjalukasport.com\/index.php?rest_route=%2Fwp%2Fv2%2Fmedia&parent=230"}],"wp:term":[{"taxonomy":"category","embeddable":true,"href":"https:\/\/banjalukasport.com\/index.php?rest_route=%2Fwp%2Fv2%2Fcategories&post=230"},{"taxonomy":"post_tag","embeddable":true,"href":"https:\/\/banjalukasport.com\/index.php?rest_route=%2Fwp%2Fv2%2Ftags&post=230"}],"curies":[{"name":"wp","href":"https:\/\/api.w.org\/{rel}","templated":true}]}}