{"id":228,"date":"2008-01-02T08:24:22","date_gmt":"2008-01-02T08:24:22","guid":{"rendered":"https:\/\/banjalukasport.com\/?p=228"},"modified":"2008-01-02T08:24:22","modified_gmt":"2008-01-02T08:24:22","slug":"fudbal-ipak-vuksa-u-laktasima","status":"publish","type":"post","link":"https:\/\/banjalukasport.com\/?p=228","title":{"rendered":"FUDBAL: Ipak Vuk\u0161a u Lakta\u0161ima"},"content":{"rendered":"<p><img loading=\"lazy\" decoding=\"async\" width=\"120\" height=\"91\" align=\"left\" src=\"\/wp-content\/uploads\/articles_images\/20080102172422841_1.jpg\" alt=\"\"> U prvim danima u Novoj godini <b>FK Lakta\u0161i<\/b> bi trebalo da dobiju novog trenera, odnosno, zamjenu za Vladu Jagodi\u0107a. Nakon \u0161to se spekulisalo sa brojnim imenima u prvi plan naglo je isko\u010dio <b>Dragan Vuk\u0161a<\/b>. <\/p>\n<p>Vuk\u0161a je kao igra\u010d nosio dres Bska, a kao trener Borac je doveo do \u0161ampionske titule u RS i predvodio BSK. U Lakta\u0161e bi, ako se postigne dogovor, stigao iz srba\u010dke Sloge.<br \/>\n &#8220;<i> Dobro su nam poznati njegovi stru\u010dni kvaliteti, ali i ljudski i sigurno je da ne\u0107emo pogrije\u0161iti ukoliko njega anga\u017eujemo da vodi ekipu u nastavku premijerliga\u0161ke sezone BiH. Ima tu jo\u0161 imena koja su u opticaju i vrlo brzo \u0107emo prelomiti. isti\u010de za Fokus <b>Nikola Vujakovi\u0107<\/b>, predsjednik Skup\u0161tine Fudbalskog kluba Lakta\u0161i.<\/p>\n","protected":false},"excerpt":{"rendered":"<p><img loading=\"lazy\" decoding=\"async\" width=\"120\" height=\"91\" align=\"left\" src=\"\/wp-content\/uploads\/articles_images\/20080102172422841_1.jpg\" alt=\"\"> U prvim danima u Novoj godini <b>FK Lakta\u0161i<\/b> bi trebalo da dobiju novog trenera, odnosno, zamjenu za Vladu Jagodi\u0107a. Nakon \u0161to se spekulisalo sa brojnim imenima u prvi plan naglo je isko\u010dio <b>Dragan Vuk\u0161a<\/b>. <\/p>\n<p>Vuk\u0161a je kao igra\u010d nosio dres Bska, a kao trener Borac je doveo do \u0161ampionske titule u RS i predvodio BSK. U Lakta\u0161e bi, ako se postigne dogovor, stigao iz srba\u010dke Sloge.<\/p>\n","protected":false},"author":74,"featured_media":0,"comment_status":"open","ping_status":"open","sticky":false,"template":"","format":"standard","meta":{"ngg_post_thumbnail":0,"footnotes":""},"categories":[7],"tags":[],"class_list":["post-228","post","type-post","status-publish","format-standard","hentry","category-arhiv"],"_links":{"self":[{"href":"https:\/\/banjalukasport.com\/index.php?rest_route=\/wp\/v2\/posts\/228","targetHints":{"allow":["GET"]}}],"collection":[{"href":"https:\/\/banjalukasport.com\/index.php?rest_route=\/wp\/v2\/posts"}],"about":[{"href":"https:\/\/banjalukasport.com\/index.php?rest_route=\/wp\/v2\/types\/post"}],"author":[{"embeddable":true,"href":"https:\/\/banjalukasport.com\/index.php?rest_route=\/wp\/v2\/users\/74"}],"replies":[{"embeddable":true,"href":"https:\/\/banjalukasport.com\/index.php?rest_route=%2Fwp%2Fv2%2Fcomments&post=228"}],"version-history":[{"count":0,"href":"https:\/\/banjalukasport.com\/index.php?rest_route=\/wp\/v2\/posts\/228\/revisions"}],"wp:attachment":[{"href":"https:\/\/banjalukasport.com\/index.php?rest_route=%2Fwp%2Fv2%2Fmedia&parent=228"}],"wp:term":[{"taxonomy":"category","embeddable":true,"href":"https:\/\/banjalukasport.com\/index.php?rest_route=%2Fwp%2Fv2%2Fcategories&post=228"},{"taxonomy":"post_tag","embeddable":true,"href":"https:\/\/banjalukasport.com\/index.php?rest_route=%2Fwp%2Fv2%2Ftags&post=228"}],"curies":[{"name":"wp","href":"https:\/\/api.w.org\/{rel}","templated":true}]}}