{"id":2263,"date":"2010-03-17T03:33:30","date_gmt":"2010-03-17T03:33:30","guid":{"rendered":"https:\/\/banjalukasport.com\/?p=2263"},"modified":"2010-03-17T03:33:30","modified_gmt":"2010-03-17T03:33:30","slug":"ko%c2%a9arka-pohod-na-titulu-u-bih","status":"publish","type":"post","link":"https:\/\/banjalukasport.com\/?p=2263","title":{"rendered":"KO\u00a9ARKA: Pohod na titulu u BiH"},"content":{"rendered":"<p><img loading=\"lazy\" decoding=\"async\" width=\"104\" height=\"79\" class=\"floatleft\" src=\"\/wp-content\/uploads\/articles_images\/20100317113330824_1.jpg\" alt=\"\"> Ko\u0161arka\u0161ice Mladog Kraji\u0161nika svoju tre\u0107u sezonu u Regionalnoj ligi zavr\u0161ile su na \u010detvrtom mjestu, prvo u liga\u0161kom dijelu takmi\u010denja, a potom i na Fajnal-foru. Generalni menad\u017eer kluba Brane \u010dovi\u010dkovi\u0107 ka\u017ee da su ponosni na najve\u0107i uspjeh u tri godine, koliko se takmi\u010de u Regionalnoj ligi. &#8211; Sve snmo postigli s najmanjim bud\u017eetom od svih klubova u Ligi. Nijedan drugi klub nema manji bud\u017eet od 250.000 evra, dok smo mi imali jedva oko 150.000. Gospi\u0107 raspola\u017ee s milion evra, \u00a9ibenik s 500.000, i takmi\u010denje s takvim klubovima jo\u0161 vi\u0161e daje zna\u010daj na\u0161im rezultatima &#8211; ka\u017ee \u010dovi\u010dkovi\u0107.<\/p>\n<p>On dodaje da su ponosni i na \u010dinjenicu da je Milica Deura, njihov kapiten, bila najbolji strijelac zavr\u0161nice.<\/p>\n<p>&#8211; Gre\u0161kom je za najboljeg strijelca progla\u0161ena druga ko\u0161arka\u0161ica, ali su na vrijeme uvidjeli propust, \u0161to \u0107e biti nadokna\u0111eno. Djevojke nisu pru\u017eile igru kakvu su pru\u017eale u toku Lige, u zavr\u0161nici je do\u0161lo do odre\u0111ene blokade, i igra nije bila ni blizu onoga \u0161to su pru\u017eale do tada &#8211; ka\u017ee \u010dovikovi\u0107 i dodaje da i zav\u0161nicu Prvenstva BiH do\u010dekuju s najvi\u0161im ambicijama.<\/p>\n<p>&#8211; Konkurencija je ja\u010da nego do sada, \u010delik i Jedinstvo su poja\u010dani, a Jedinstvo je to pokazalo u finalu Kupa, pobijediv\u0161i \u00aeeljezni\u010dar. U narednim danima uradi\u0107emo analizu u\u010dinka ko\u0161arka\u0161ica, neke nisu zadovoljile o\u010dekivanja i kriterijum da igraju u Mladom Kraji\u0161niku, tako da \u0107e do\u0107i do promjena u igra\u010dkom kadru. Ako budemo mogli, mo\u017eda dovedemo jedno poja\u010danje ili dva. Krajnji rok je 31. marta, a Liga \u010detiri po\u010dinje 3. aprila &#8211; dodao je \u010dovi\u010dkovi\u0107 i po\u017ealio se na te\u0161ku finansijku situaciju.<\/p>\n<p>&#8211; Osim Grada Banja Luka nemamo vi\u0161e nijedan izvor finansiranja, nismo uspjeli obnoviti nijedan sponzorski ugovor s partnerima, a skoro \u010detiri mjeseca nismo dobili ni marku od Ministarstva za porodicu, omladinu i sport i ne znamo kad \u0107emo mo\u0107i da ra\u010dunamo na to &#8211; zaklju\u010dio je \u010dovi\u010dkovi\u0107.<\/p>\n<p>Napomena: Tekst preuzet iz Fokusa<\/p>\n","protected":false},"excerpt":{"rendered":"<p><img loading=\"lazy\" decoding=\"async\" width=\"104\" height=\"79\" class=\"floatleft\" src=\"\/wp-content\/uploads\/articles_images\/20100317113330824_1.jpg\" alt=\"\"> Ko\u0161arka\u0161ice Mladog Kraji\u0161nika svoju tre\u0107u sezonu u Regionalnoj ligi zavr\u0161ile su na \u010detvrtom mjestu, prvo u liga\u0161kom dijelu takmi\u010denja, a potom i na Fajnal-foru. Generalni menad\u017eer kluba Brane \u010dovi\u010dkovi\u0107 ka\u017ee da su ponosni na najve\u0107i uspjeh u tri godine, koliko se takmi\u010de u Regionalnoj ligi.<\/p>\n","protected":false},"author":74,"featured_media":0,"comment_status":"open","ping_status":"open","sticky":false,"template":"","format":"standard","meta":{"ngg_post_thumbnail":0,"footnotes":""},"categories":[7],"tags":[],"class_list":["post-2263","post","type-post","status-publish","format-standard","hentry","category-arhiv"],"_links":{"self":[{"href":"https:\/\/banjalukasport.com\/index.php?rest_route=\/wp\/v2\/posts\/2263","targetHints":{"allow":["GET"]}}],"collection":[{"href":"https:\/\/banjalukasport.com\/index.php?rest_route=\/wp\/v2\/posts"}],"about":[{"href":"https:\/\/banjalukasport.com\/index.php?rest_route=\/wp\/v2\/types\/post"}],"author":[{"embeddable":true,"href":"https:\/\/banjalukasport.com\/index.php?rest_route=\/wp\/v2\/users\/74"}],"replies":[{"embeddable":true,"href":"https:\/\/banjalukasport.com\/index.php?rest_route=%2Fwp%2Fv2%2Fcomments&post=2263"}],"version-history":[{"count":0,"href":"https:\/\/banjalukasport.com\/index.php?rest_route=\/wp\/v2\/posts\/2263\/revisions"}],"wp:attachment":[{"href":"https:\/\/banjalukasport.com\/index.php?rest_route=%2Fwp%2Fv2%2Fmedia&parent=2263"}],"wp:term":[{"taxonomy":"category","embeddable":true,"href":"https:\/\/banjalukasport.com\/index.php?rest_route=%2Fwp%2Fv2%2Fcategories&post=2263"},{"taxonomy":"post_tag","embeddable":true,"href":"https:\/\/banjalukasport.com\/index.php?rest_route=%2Fwp%2Fv2%2Ftags&post=2263"}],"curies":[{"name":"wp","href":"https:\/\/api.w.org\/{rel}","templated":true}]}}