{"id":2246,"date":"2010-03-07T13:19:02","date_gmt":"2010-03-07T13:19:02","guid":{"rendered":"https:\/\/banjalukasport.com\/?p=2246"},"modified":"2010-03-07T13:19:02","modified_gmt":"2010-03-07T13:19:02","slug":"rukomet-nije-zaboravljen-jubilej","status":"publish","type":"post","link":"https:\/\/banjalukasport.com\/?p=2246","title":{"rendered":"RUKOMET: Nije zaboravljen jubilej"},"content":{"rendered":"<p><img loading=\"lazy\" decoding=\"async\" width=\"200\" height=\"140\" class=\"floatleft\" src=\"\/wp-content\/uploads\/articles_images\/20100307211902642_1.jpg\" alt=\"\"> Nismo zaboravili jubilej kluba i radimo na tome da obilje\u017eavanje \u0161est decenija RK Borac organizujemo kako to i dolikuje velikanu. Ovo je za &quot;Fokus&quot; istakao Boris \u0111ogo, sportski direktor banjolu\u010dkog premijerliga\u0161a, \u017eele\u0107i na taj na\u010din da demantuje pri\u010du Pere Perovi\u0107a, te nekada\u0161njih igra\u010da i rukovodilaca kluba, koji su tvrdili da dana\u0161nje rukovodstvo ne vodi brigu o svijetloj istoriji kluba iz Gospodske ulice. &#8211; Na posljednjoj sjednici Upravnog odbora, odr\u017eanoj 3. marta, jedna od ta\u010daka bila je upravo proslava jubileja. Svim medijima imali smo namjeru da na taj dan (7. marta) uputimo dopis, a organizacioni odbor, koji \u0107e uskoro biti formiran, dobi\u0107e zadatak da osmisli centralnu ceremoniju proslave sve\u010danosti. Jo\u0161 uvijek nismo odredili ta\u010dan termin, jer na crveno-plavoj ve\u010deri \u017eelimo vidjeti \u0161to vi\u0161e bor\u010devaca. I biv\u0161ih i sada\u0161njih. Znamo da je veliki broj na\u0161ih igra\u010da i trenera rasut po cijelom svijetu i da su im slobodni termini problem. Jedna od opcija jeste i na\u0161 turnir \u0161ampiona, ali o tom-potom. U svakom slu\u010daju, o zaboravu nema govora. Ovakve insinuacije nisu potrebe nikome, a najmanje Borcu &#8211; poru\u010dio je Boris \u0111ogo.<\/p>\n<p>S druge strane,  rukometa\u0161i Borca m:tel prvi \u010detvrtfinalni me\u010d Kupa BiH odigra\u0107e u subotu, 6. marta, u Ljubu\u0161kom s Izvi\u0111a\u010dem (19 \u010dasova). Banjolu\u010dani \u0107e u goste otputovati bez Gorana Gari\u0107a, koji je nedavno operisan i iako je priklju\u010den trena\u017enom procesu, ne mo\u017ee odgovoriti na potrebe ekipe.<\/p>\n<p>&#8211; I ovom me\u010du pristupi\u0107emo kao i svakom drugom, bez obzira \u0161to je rije\u010d o kup takmi\u010denju. U Ljubu\u0161ki putujemo da odigramo najbolje \u0161to mo\u017eemo, pa kako bude. Izvi\u0111a\u010d je kvalitetan protivnik, nije za potcijeniti, \u0161to govore i njihovi rezultati. Imaju novog trenera, a poja\u010dani su i dvojicom kvalitetnih igra\u010da na bekovskoj i poziciji krila. Sigurno \u0107e dati svoj maksimum, ali ja o\u010dekujem da i u ovom susretu nastavimo sa serijom dobrih rezultata &#8211; rekao je trener rukometa\u0161a Borca m:tel, Dra\u0161ko Budi\u0161a.<\/p>\n<p>Revan\u0161 me\u010d na programu je 19. marta u Banjoj Luci.<\/p>\n<p>Napomena: Tekst preuzet iz Fokusa<\/p>\n","protected":false},"excerpt":{"rendered":"<p><img loading=\"lazy\" decoding=\"async\" width=\"200\" height=\"140\" class=\"floatleft\" src=\"\/wp-content\/uploads\/articles_images\/20100307211902642_1.jpg\" alt=\"\"> Nismo zaboravili jubilej kluba i radimo na tome da obilje\u017eavanje \u0161est decenija RK Borac organizujemo kako to i dolikuje velikanu. Ovo je za &quot;Fokus&quot; istakao Boris \u0111ogo, sportski direktor banjolu\u010dkog premijerliga\u0161a, \u017eele\u0107i na taj na\u010din da demantuje pri\u010du Pere Perovi\u0107a, te nekada\u0161njih igra\u010da i rukovodilaca kluba, koji su tvrdili da dana\u0161nje rukovodstvo ne vodi brigu o svijetloj istoriji kluba iz Gospodske ulice.<\/p>\n","protected":false},"author":74,"featured_media":0,"comment_status":"open","ping_status":"open","sticky":false,"template":"","format":"standard","meta":{"ngg_post_thumbnail":0,"footnotes":""},"categories":[7],"tags":[],"class_list":["post-2246","post","type-post","status-publish","format-standard","hentry","category-arhiv"],"_links":{"self":[{"href":"https:\/\/banjalukasport.com\/index.php?rest_route=\/wp\/v2\/posts\/2246","targetHints":{"allow":["GET"]}}],"collection":[{"href":"https:\/\/banjalukasport.com\/index.php?rest_route=\/wp\/v2\/posts"}],"about":[{"href":"https:\/\/banjalukasport.com\/index.php?rest_route=\/wp\/v2\/types\/post"}],"author":[{"embeddable":true,"href":"https:\/\/banjalukasport.com\/index.php?rest_route=\/wp\/v2\/users\/74"}],"replies":[{"embeddable":true,"href":"https:\/\/banjalukasport.com\/index.php?rest_route=%2Fwp%2Fv2%2Fcomments&post=2246"}],"version-history":[{"count":0,"href":"https:\/\/banjalukasport.com\/index.php?rest_route=\/wp\/v2\/posts\/2246\/revisions"}],"wp:attachment":[{"href":"https:\/\/banjalukasport.com\/index.php?rest_route=%2Fwp%2Fv2%2Fmedia&parent=2246"}],"wp:term":[{"taxonomy":"category","embeddable":true,"href":"https:\/\/banjalukasport.com\/index.php?rest_route=%2Fwp%2Fv2%2Fcategories&post=2246"},{"taxonomy":"post_tag","embeddable":true,"href":"https:\/\/banjalukasport.com\/index.php?rest_route=%2Fwp%2Fv2%2Ftags&post=2246"}],"curies":[{"name":"wp","href":"https:\/\/api.w.org\/{rel}","templated":true}]}}