{"id":2215,"date":"2010-02-18T03:30:16","date_gmt":"2010-02-18T03:30:16","guid":{"rendered":"https:\/\/banjalukasport.com\/?p=2215"},"modified":"2010-02-18T03:30:16","modified_gmt":"2010-02-18T03:30:16","slug":"fudbal-u-subotu-protiv-zvijezde-iz-gradacca","status":"publish","type":"post","link":"https:\/\/banjalukasport.com\/?p=2215","title":{"rendered":"FUDBAL: U subotu protiv Zvijezde iz Grada\u010dca"},"content":{"rendered":"<p><img loading=\"lazy\" decoding=\"async\" width=\"120\" height=\"91\" class=\"floatleft\" src=\"\/wp-content\/uploads\/articles_images\/20100218113016257_1.jpg\" alt=\"\"> Fudbaleri Borca generalnu probu pred start drugog dijela Premijer lige BiH odigra\u0107e u subotu, 20. februara u Mionici, protiv Zvijezde iz Grada\u010dca (15 \u010dasova). &quot;Dogovorili smo se sa Zvijezdom i na toj utakmici vidje\u0107emo rezultate rada iz Antalije, odnosno u kakvoj formi se trenutno ekipa nalazi&quot;, rekao je Radmilo \u00a9ipovac, direktor Borca.<\/p>\n<p>Trener premijerliga\u0161a iz Grada\u010dca Zoran \u0107urguz, izrazio je zadovoljstvo \u0161to \u0107e njegov tim igrati protiv Banjalu\u010dana.<\/p>\n<p>&quot;Borac je drugoplasirani tim u Premijer ligi BiH i ekipa s kojom svi \u017eele da se takmi\u010de. Bi\u0107e pravi ispit za nas&quot;, istakao je \u0107urguz.<\/p>\n<p>Banjalu\u010dani su se u utorak uve\u010de vratili s priprema u Antaliji, gdje su 15 dana trenirali u vrhunskim uslovima. Sa\u0161a Kajkut, fudbaler Borca, istakao je da je rad u turskom ljetovali\u0161tu bio na visokom nivou i dodao da igra\u010di od novog trenera Zorana Mari\u0107a mogu dosta da nau\u010de.<\/p>\n<p>&quot;Imali smo vrhunske uslove u Antaliji i mislim da smo dobro radili. Smatram da mo\u017eemo mnogo toga da nau\u010dimo i da napredujemo pod dirigentskom palicom novog trenera. Vidi se da ima dosta iskustva, a iza njega je i veoma uspje\u0161na karijera&quot;, rekao je Kajkut i dodao:<\/p>\n<p>&quot;Trener je unio nove ideje i na\u010din rada koje mi fudbaleri nastojimo da pratimo i da ih u potpunosti izvr\u0161avamo. Sada se dosta baziramo na taktiku i li\u010dno mislim da je to ono \u0161to je potrebno fudbalerima na ovim prostorima da uspiju na zelenom tepihu&quot;.<\/p>\n<p>Napada\u010d &quot;crveno-plavih&quot; se osvrnuo i na pripremne utakmice u kojima je Borac zabilje\u017eio dva trijumfa, jedan remi i tri poraza.<\/p>\n<p>&quot;Odigrali smo dosta dobrih utakmica, ali sam siguran da ovo jo\u0161 nije prava slika Borca. U zimskom prelaznom roku ekipa je pretrpila korjenite promjene, pa je potrebno jo\u0161 malo vremena da se tim uigra. Siguran sam da \u0107e do po\u010detka drugog dijela prvenstva trener u potpunosti slo\u017eiti kockice i da \u0107e sve do\u0107i na svoje mjesto&quot;, naglasio je napada\u010d Borca.<\/p>\n<p>Kajkut je na priprema u Antaliji postigao jedan pogodak i to u posljednjoj utakmici protiv poljskog Vi\u0111ev Lo\u0111a (1:3).<\/p>\n<p>&quot;Zadovoljan sam partijama koje sam pru\u017eio u Antaliji, ali znam da mogu i moram jo\u0161 bolje. Gol koji sam postigao podigao mi je samopouzdanje i nadam se da \u0107u se u prvenstvu redovno upisivati u strijelce, jer to se od mene tra\u017ei. Trener odlu\u010duje da li \u0107u biti u prvoj postavi ili \u0107u sjediti na klupi, ali je sigurno da \u0107u raditi naporno da se izborim za svoj status&quot;, zaklju\u010dio je je Sa\u0161a Kajkut.<\/p>\n<p>Napomena: Tekst preuzet iz Nezavisnih novina<\/p>\n","protected":false},"excerpt":{"rendered":"<p><img loading=\"lazy\" decoding=\"async\" width=\"120\" height=\"91\" class=\"floatleft\" src=\"\/wp-content\/uploads\/articles_images\/20100218113016257_1.jpg\" alt=\"\"> Fudbaleri Borca generalnu probu pred start drugog dijela Premijer lige BiH odigra\u0107e u subotu, 20. februara u Mionici, protiv Zvijezde iz Grada\u010dca (15 \u010dasova).<\/p>\n","protected":false},"author":74,"featured_media":0,"comment_status":"open","ping_status":"open","sticky":false,"template":"","format":"standard","meta":{"ngg_post_thumbnail":0,"footnotes":""},"categories":[7],"tags":[],"class_list":["post-2215","post","type-post","status-publish","format-standard","hentry","category-arhiv"],"_links":{"self":[{"href":"https:\/\/banjalukasport.com\/index.php?rest_route=\/wp\/v2\/posts\/2215","targetHints":{"allow":["GET"]}}],"collection":[{"href":"https:\/\/banjalukasport.com\/index.php?rest_route=\/wp\/v2\/posts"}],"about":[{"href":"https:\/\/banjalukasport.com\/index.php?rest_route=\/wp\/v2\/types\/post"}],"author":[{"embeddable":true,"href":"https:\/\/banjalukasport.com\/index.php?rest_route=\/wp\/v2\/users\/74"}],"replies":[{"embeddable":true,"href":"https:\/\/banjalukasport.com\/index.php?rest_route=%2Fwp%2Fv2%2Fcomments&post=2215"}],"version-history":[{"count":0,"href":"https:\/\/banjalukasport.com\/index.php?rest_route=\/wp\/v2\/posts\/2215\/revisions"}],"wp:attachment":[{"href":"https:\/\/banjalukasport.com\/index.php?rest_route=%2Fwp%2Fv2%2Fmedia&parent=2215"}],"wp:term":[{"taxonomy":"category","embeddable":true,"href":"https:\/\/banjalukasport.com\/index.php?rest_route=%2Fwp%2Fv2%2Fcategories&post=2215"},{"taxonomy":"post_tag","embeddable":true,"href":"https:\/\/banjalukasport.com\/index.php?rest_route=%2Fwp%2Fv2%2Ftags&post=2215"}],"curies":[{"name":"wp","href":"https:\/\/api.w.org\/{rel}","templated":true}]}}