{"id":2211,"date":"2010-02-16T16:22:16","date_gmt":"2010-02-16T16:22:16","guid":{"rendered":"https:\/\/banjalukasport.com\/?p=2211"},"modified":"2010-02-16T16:22:16","modified_gmt":"2010-02-16T16:22:16","slug":"rukomet-nista-od-povratka-golica","status":"publish","type":"post","link":"https:\/\/banjalukasport.com\/?p=2211","title":{"rendered":"RUKOMET: Ni\u0161ta od povratka Goli\u0107a"},"content":{"rendered":"<p><img loading=\"lazy\" decoding=\"async\" width=\"120\" height=\"91\" class=\"floatleft\" src=\"\/wp-content\/uploads\/articles_images\/20100217002216164_1.jpg\" alt=\"\"> Sapunica koja se odvijala na relaciji Neboj\u0161a Goli\u0107 &#8211; Rukometni klub Borac m:tel dobila je epilog kakvog su se mnogi Banjolu\u010dani i pribojavali &#8211; nije postignut dogovor. Prelazni rok je zavr\u0161en, a jedan od najboljih bh. srednjih bekova boravi u gradu na Vrbasu i povremeno trenira s &quot;crveno-plavima&quot;. &#8211; Nakon Bosne moja \u017eelja je bila da obu\u010dem crveno-plavi dres. To se nije desilo, zavr\u0161en je prelazni rok, saradnja nije postignuta. Ne znam gdje je zapelo. Imam vreman do ljeta da razmi\u0161ljam \u0161ta i kako dalje. Trener Dra\u0161ko Budi\u0161a mi je dozvolio da treniram s ekipom, te tako prolaze moji dani &#8211; pri\u010da Goli\u0107.<\/p>\n<p>Biv\u0161i igra\u010d Metaloplastike, Sintelona, njema\u010dkog Veclara i reprezentativac Jugoslaviije razmi\u0161lja da okon\u010da aktivnu igra\u010dku karijeru.<\/p>\n<p>&#8211; Osta\u0107u u rukometu, aktivno, kao igra\u010d mo\u017eda ne, ali pasivno sigurno da. Davno sam donio odluku da ne\u0107u vi\u0161e igrati za neki inostrani klub. Mo\u017eda u obzir mogu do\u0107i ekipe iz regiona, Slovenije&#8230; Ali. kako vrijeme odmi\u010de i to rje\u0161enje postaje manje vjerovatno. Borac je bio moj prioritet, zavr\u0161ilo se tako kako jeste, ali ko zna \u0161ta \u017eivot nosi &#8211; dodaje Goli\u0107.<\/p>\n<p>Ro\u0111eni Banjolu\u010danin osvrnuo se na trenutnu situaciju u klubu.<\/p>\n<p>&#8211; Finansijska situacija kluba nikada nije bila bolja i na tome treba \u010destitati zaslu\u017enim ljudima. Ipak, kada su rezultati u pitanju ne smijemo na osnovu jednog poraza odmah u prvi plan stavljati negativne parametre. Ekipi i treneru treba dati vremena da ostvare zacrtano i ja vjerujem da oni to mogu. Tim je poja\u010dan, tu su kvalitetni igra\u010di i sada samo treba pustiti vrijeme da u\u010dini svoje. U svakom slu\u010daju \u017eelim im sve najbolje &#8211; rekao je Neboj\u0161a Goli\u0107.<\/p>\n<p>Napomena: Tekst preuzet iz Fokusa<\/p>\n","protected":false},"excerpt":{"rendered":"<p><img loading=\"lazy\" decoding=\"async\" width=\"120\" height=\"91\" class=\"floatleft\" src=\"\/wp-content\/uploads\/articles_images\/20100217002216164_1.jpg\" alt=\"\"> Sapunica koja se odvijala na relaciji Neboj\u0161a Goli\u0107 &#8211; Rukometni klub Borac m:tel dobila je epilog kakvog su se mnogi Banjolu\u010dani i pribojavali &#8211; nije postignut dogovor. Prelazni rok je zavr\u0161en, a jedan od najboljih bh. srednjih bekova boravi u gradu na Vrbasu i povremeno trenira s &quot;crveno-plavima&quot;.<\/p>\n","protected":false},"author":74,"featured_media":0,"comment_status":"open","ping_status":"open","sticky":false,"template":"","format":"standard","meta":{"ngg_post_thumbnail":0,"footnotes":""},"categories":[7],"tags":[],"class_list":["post-2211","post","type-post","status-publish","format-standard","hentry","category-arhiv"],"_links":{"self":[{"href":"https:\/\/banjalukasport.com\/index.php?rest_route=\/wp\/v2\/posts\/2211","targetHints":{"allow":["GET"]}}],"collection":[{"href":"https:\/\/banjalukasport.com\/index.php?rest_route=\/wp\/v2\/posts"}],"about":[{"href":"https:\/\/banjalukasport.com\/index.php?rest_route=\/wp\/v2\/types\/post"}],"author":[{"embeddable":true,"href":"https:\/\/banjalukasport.com\/index.php?rest_route=\/wp\/v2\/users\/74"}],"replies":[{"embeddable":true,"href":"https:\/\/banjalukasport.com\/index.php?rest_route=%2Fwp%2Fv2%2Fcomments&post=2211"}],"version-history":[{"count":0,"href":"https:\/\/banjalukasport.com\/index.php?rest_route=\/wp\/v2\/posts\/2211\/revisions"}],"wp:attachment":[{"href":"https:\/\/banjalukasport.com\/index.php?rest_route=%2Fwp%2Fv2%2Fmedia&parent=2211"}],"wp:term":[{"taxonomy":"category","embeddable":true,"href":"https:\/\/banjalukasport.com\/index.php?rest_route=%2Fwp%2Fv2%2Fcategories&post=2211"},{"taxonomy":"post_tag","embeddable":true,"href":"https:\/\/banjalukasport.com\/index.php?rest_route=%2Fwp%2Fv2%2Ftags&post=2211"}],"curies":[{"name":"wp","href":"https:\/\/api.w.org\/{rel}","templated":true}]}}