{"id":221,"date":"2007-12-29T07:48:36","date_gmt":"2007-12-29T07:48:36","guid":{"rendered":"https:\/\/banjalukasport.com\/?p=221"},"modified":"2007-12-29T07:48:36","modified_gmt":"2007-12-29T07:48:36","slug":"rukomet-jacimovic-umjesto-uncanina","status":"publish","type":"post","link":"https:\/\/banjalukasport.com\/?p=221","title":{"rendered":"RUKOMET: Ja\u0107imovi\u0107 umjesto Un\u010danina"},"content":{"rendered":"<p><img loading=\"lazy\" decoding=\"async\" width=\"91\" height=\"112\" align=\"left\" src=\"\/wp-content\/uploads\/articles_images\/20071229164836297_1.jpg\" alt=\"\"> Do\u0107i \u0107e do promjena na mjestu generalnog sekretara Rukometnog saveza Republike Srpske. Trener rukometa\u0161ica Borca, <b>Rade Un\u010danin<\/b>, nije promijenio odluku i definitivno odlazi s ove funkcije. <\/p>\n<p>Umjesto njega na ovo mjesto najvjerovatnije \u0107e do\u0107i jo\u0161 jedan Banjalu\u010danin, <b>Elvis Ja\u0107imovi\u0107<\/b>,  trener u \u00a9koli rukometa Cepelin.<br \/>\n &#8220; <i>Postoje indicije oko imenovanja novog generalnog sekretara, ali ne \u017eelim davati neke posebne komentare po tom pitanju, do trenutka dok se ne odr\u017ei Skup\u0161tine. Ako mi navedena funkcija bude predlo\u017eena, prihvati\u0107u, iz jednostavnog razloga da svojim radom i zalaganjem poku\u0161am da promijenim neke stvari u rukometu na na\u0161em podru\u010dju. Ovaj sport pao je na najni\u017ee mogu\u0107e grane, a s te pozicije nam se ne smije\u0161i bolje sutra. Imam neke vizije, kao i planove koje bih poku\u0161ao realizovati uz saradnju s vode\u0107im ljudima ovog nekada najpopularnijeg sporta kod nas. <\/i> &#8220; rekao je za Fokus <b>Elvis Ja\u0107imovi\u0107<\/b>. <\/p>\n","protected":false},"excerpt":{"rendered":"<p><img loading=\"lazy\" decoding=\"async\" width=\"91\" height=\"112\" align=\"left\" src=\"\/wp-content\/uploads\/articles_images\/20071229164836297_1.jpg\" alt=\"\"> Do\u0107i \u0107e do promjena na mjestu generalnog sekretara Rukometnog saveza Republike Srpske. Trener rukometa\u0161ica Borca, <b>Rade Un\u010danin<\/b>, nije promijenio odluku i definitivno odlazi s ove funkcije. <\/p>\n<p>Umjesto njega na ovo mjesto najvjerovatnije \u0107e do\u0107i jo\u0161 jedan Banjalu\u010danin, <b>Elvis Ja\u0107imovi\u0107<\/b>,  trener u \u00a9koli rukometa Cepelin.<\/p>\n","protected":false},"author":74,"featured_media":0,"comment_status":"open","ping_status":"open","sticky":false,"template":"","format":"standard","meta":{"ngg_post_thumbnail":0,"footnotes":""},"categories":[7],"tags":[],"class_list":["post-221","post","type-post","status-publish","format-standard","hentry","category-arhiv"],"_links":{"self":[{"href":"https:\/\/banjalukasport.com\/index.php?rest_route=\/wp\/v2\/posts\/221","targetHints":{"allow":["GET"]}}],"collection":[{"href":"https:\/\/banjalukasport.com\/index.php?rest_route=\/wp\/v2\/posts"}],"about":[{"href":"https:\/\/banjalukasport.com\/index.php?rest_route=\/wp\/v2\/types\/post"}],"author":[{"embeddable":true,"href":"https:\/\/banjalukasport.com\/index.php?rest_route=\/wp\/v2\/users\/74"}],"replies":[{"embeddable":true,"href":"https:\/\/banjalukasport.com\/index.php?rest_route=%2Fwp%2Fv2%2Fcomments&post=221"}],"version-history":[{"count":0,"href":"https:\/\/banjalukasport.com\/index.php?rest_route=\/wp\/v2\/posts\/221\/revisions"}],"wp:attachment":[{"href":"https:\/\/banjalukasport.com\/index.php?rest_route=%2Fwp%2Fv2%2Fmedia&parent=221"}],"wp:term":[{"taxonomy":"category","embeddable":true,"href":"https:\/\/banjalukasport.com\/index.php?rest_route=%2Fwp%2Fv2%2Fcategories&post=221"},{"taxonomy":"post_tag","embeddable":true,"href":"https:\/\/banjalukasport.com\/index.php?rest_route=%2Fwp%2Fv2%2Ftags&post=221"}],"curies":[{"name":"wp","href":"https:\/\/api.w.org\/{rel}","templated":true}]}}