{"id":2189,"date":"2009-11-16T11:45:09","date_gmt":"2009-11-16T11:45:09","guid":{"rendered":"https:\/\/banjalukasport.com\/?p=2189"},"modified":"2009-11-16T11:45:09","modified_gmt":"2009-11-16T11:45:09","slug":"fudbal-mladi-buducnost-naprijeda","status":"publish","type":"post","link":"https:\/\/banjalukasport.com\/?p=2189","title":{"rendered":"FUDBAL: Mladi budu\u0107nost Naprijeda"},"content":{"rendered":"<p> <img loading=\"lazy\" decoding=\"async\" width=\"120\" height=\"90\" align=\"left\" src=\"\/wp-content\/uploads\/articles_images\/2009111620450984_1.jpg\" alt=\"\"> Iako su ih mnogi prije po\u010detka prvenstva svrstavali me\u0111u kandidate za najvi\u0161i plasman fudbaleri Naprijeda Horizont jesenju sezonu u Tre\u0107oj ligi Banja Luka zavr\u0161ili su na osmom mjestu sa 18 bodova. &#8211; Ne mo\u017ee se stalno biti u vrhu. Pro\u0161lu sezonu dugo smo vodili trku sa Crvenom zemljom, da bi u fini\u0161u posustali, nismo uspjeli da se plasiramo u drugoliga\u0161ko dru\u0161tvo. Prije po\u010detka ovogodi\u0161njeg prvenstva nismo ni isticali da nam je cilj prvo mjesto, mada smo se, ruku na srce, mogli popeti koju stepenicu vi\u0161e da nije bilo nekih neo\u010dekivanih kikseva na doma\u0107em terenu &#8211; rije\u010di su \u010dede \u00a9evarike, predsjednika tre\u0107eliga\u0161a iz Obili\u0107eva.<\/p>\n<p>U Naprijedu su se odlu\u010dili da ove sezone podmlade ekipu, da pru\u017ee \u0161ansu onima koji bi u narednom periodu trebalo da budu nosioci igre.<\/p>\n<p>&#8211; Svjesno smo i\u0161li na podmla\u0111ivanje ekipe, zato smo dali odrije\u0161ene ruke nekim standardnim prvotimcima u ljetnom prelaznom roku, a koji se nisu uklopili u na\u0161e planove. Mladi su snaga na\u0161eg kluba, njegova budu\u0107nost, zato smo odlu\u010dili da ih bacimo u vatru.<\/p>\n<p>Talentovani Borojevi\u0107 je 1991. godi\u0161te, a 1990. godi\u0161et su Ko\u010dovi\u0107, Sablji\u0107, pa Marjanovi\u0107. Njima je neophodno samo iskustvo, kad ga steknu bi\u0107e nosioci igre &#8211; smatra \u00a9evarika.<\/p>\n<p>Prema rije\u010dima \u00a9evarike i prolje\u0107ni dio prvenstva bi\u0107e iskori\u0161ten da se ekipa uigra, da se pripremi za sezonu 2010\/2011, kada klub obilje\u017eava jubilej 60 godina postojanja.<\/p>\n<p>&#8211; Tada \u0107emo jasno re\u0107i, \u017eelimo titulu. To nam je plan, ubije\u0111en sam da \u0107emo za na\u0161 jubilej uspjeti da se plasiramo u vi\u0161i rang. Naravno, u\u010dini\u0107emo sve da na prolje\u0107e pru\u017eimo \u0161to bolje partije nego minule jeseni.<\/p>\n<p>I raspored nam je mnogo povoljniji, jer u prvih \u0161est kola \u010detiri puta smo doma\u0107ini, na noge nam dolaze dvije vode\u0107e ekipe Vrbas, Gomjenica, te Lijev\u010de, \u00aeeljezni\u010dar. Na kraju prolje\u0107ne trke bi\u0107emo u vrhu tabele &#8211; mi\u0161ljenja je \u00a9evarika.<\/p>\n<p>U klubu isti\u010du odli\u010dnu saradnju sa svojim sponzorom Horizontom i njegovim vlasnikom Branko Kova\u010devi\u0107em. <\/p>\n<p>&#8211; Da nije bilo Kova\u010devi\u0107a te\u0161ko bi zavr\u0161ili sezonu.<\/p>\n<p>On je veliki Naprijedovac, mnogo nam je pomogao, ali i nagovijestio da \u0107e saradnja biti produ\u017eena i za narednu godinu. Ne mogu da zaboravim ni ostale ljude iz kluba Slobodana Ninkovi\u0107a, Vladu \u00a9evariku, Ljubinka Rosi\u0107a, Milorada Boji\u0107a, Ilku Ljubibrati\u0107a, koji su u granicama svojih mogu\u0107nosti pomogli klubu &#8211; rije\u010di su \u010dede \u00a9evarike, predsjednika Naprijed Horizont.<\/p>\n<p>Ponosni na Memorijal<br \/>\nNaprijed Horizont ve\u0107 tre\u0107u godinu uzastopno organizuje memorijal &quot;Du\u0161ko O\u017eegovi\u0107&quot;, u znak sje\u0107anja na dugogodi\u0161njeg predsjednika ovog kluba.<\/p>\n<p>&#8211; Ponosni smo zbog toga, jer na jednom mjestu okupimo fudbalsku mladost i budu\u0107nost. Na\u0161i gosti bili su nade Partizana, Crvene zvezde, Sarajeva, \u00aeeljezni\u010dara, Suhopolja, barskog Mornara. Naravno, ne bi mogli organizovati memorijal da nismo imali pomo\u0107 od Administrativne slu\u017ebe Grada Banja Luka i Ministarstva za porodicu, omladinu i sport Vlade Republike Srpske. Nadam se da \u0107e ostati uz nas i dalje, jer smo ve\u0107 po\u010deli pripreme za \u010detvrti memorijal &quot;Du\u0161ko O\u017eegovi\u0107&quot; &#8211; rije\u010di su \u00a9evarike.<\/p>\n<p>Napomena: Tekst preuzet iz Fokusa<\/p>\n","protected":false},"excerpt":{"rendered":"<p> <img loading=\"lazy\" decoding=\"async\" width=\"120\" height=\"90\" align=\"left\" src=\"\/wp-content\/uploads\/articles_images\/2009111620450984_1.jpg\" alt=\"\"> Iako su ih mnogi prije po\u010detka prvenstva svrstavali me\u0111u kandidate za najvi\u0161i plasman fudbaleri Naprijeda Horizont jesenju sezonu u Tre\u0107oj ligi Banja Luka zavr\u0161ili su na osmom mjestu sa 18 bodova.<\/p>\n","protected":false},"author":74,"featured_media":0,"comment_status":"open","ping_status":"open","sticky":false,"template":"","format":"standard","meta":{"ngg_post_thumbnail":0,"footnotes":""},"categories":[7],"tags":[],"class_list":["post-2189","post","type-post","status-publish","format-standard","hentry","category-arhiv"],"_links":{"self":[{"href":"https:\/\/banjalukasport.com\/index.php?rest_route=\/wp\/v2\/posts\/2189","targetHints":{"allow":["GET"]}}],"collection":[{"href":"https:\/\/banjalukasport.com\/index.php?rest_route=\/wp\/v2\/posts"}],"about":[{"href":"https:\/\/banjalukasport.com\/index.php?rest_route=\/wp\/v2\/types\/post"}],"author":[{"embeddable":true,"href":"https:\/\/banjalukasport.com\/index.php?rest_route=\/wp\/v2\/users\/74"}],"replies":[{"embeddable":true,"href":"https:\/\/banjalukasport.com\/index.php?rest_route=%2Fwp%2Fv2%2Fcomments&post=2189"}],"version-history":[{"count":0,"href":"https:\/\/banjalukasport.com\/index.php?rest_route=\/wp\/v2\/posts\/2189\/revisions"}],"wp:attachment":[{"href":"https:\/\/banjalukasport.com\/index.php?rest_route=%2Fwp%2Fv2%2Fmedia&parent=2189"}],"wp:term":[{"taxonomy":"category","embeddable":true,"href":"https:\/\/banjalukasport.com\/index.php?rest_route=%2Fwp%2Fv2%2Fcategories&post=2189"},{"taxonomy":"post_tag","embeddable":true,"href":"https:\/\/banjalukasport.com\/index.php?rest_route=%2Fwp%2Fv2%2Ftags&post=2189"}],"curies":[{"name":"wp","href":"https:\/\/api.w.org\/{rel}","templated":true}]}}