{"id":2117,"date":"2009-11-03T10:49:58","date_gmt":"2009-11-03T10:49:58","guid":{"rendered":"https:\/\/banjalukasport.com\/?p=2117"},"modified":"2009-11-03T10:49:58","modified_gmt":"2009-11-03T10:49:58","slug":"ko%c2%a9arka-u-kolicima-pala-bosna-na-redu-bosna","status":"publish","type":"post","link":"https:\/\/banjalukasport.com\/?p=2117","title":{"rendered":"KO\u00a9ARKA U KOLICIMA: Pala Bosna na redu Bosna"},"content":{"rendered":"<p><img loading=\"lazy\" decoding=\"async\" width=\"124\" height=\"93\" align=\"left\" src=\"\/wp-content\/uploads\/articles_images\/20091103194958627_1.jpg\" alt=\"\"> Ekipa Ko\u0161arka\u0161kog kluba invalida Vrbas trijumfovala je u me\u010du petog kola Premijer lige BiH na svom terenu nad timom Bosne iz Zenice (67:58), a ve\u0107 danas Banjolu\u010dane u Sanskom Mostu o\u010dekuje duel sa Sanom. Predsjednik banjolu\u010dkog kluba, Marinko Umi\u0107evi\u0107, zadovoljan je ostvarenim bodovima i o\u010dekuje nove.<\/p>\n<p>&#8211; U me\u010du sa Bosnom nijednog trenutka rezultat nije do\u0161ao u pitanje, pa smo pred kraj susreta priliku dali i na\u0161im djevojkama, Biljani Nedi\u0107 i Andrei Stani\u0161i\u0107. Vezali smo i peti trijumf, \u0161to govori s kakvim ambicijama smo startovali u ovoj sezoni &#8211; rekao je Umi\u0107evi\u0107.<\/p>\n<p>On isti\u010de da je i dana\u0161nji rival ozbiljan.<\/p>\n<p>&#8211; Doma\u0107in je izuzetno kvalitetan protivnik. U\u010desnici su NLB lige i Kupa Evrope, \u0161to dovoljno govori s koliko opreza moramo pristupiti tom me\u010du. Ipak, u Sanski Most ne putujemo s bijelom zastavom. Naprotiv, idemo na pobjedu, pa kako bude. Nakon dobrih rezulata u minulim kolima u na\u0161im redovima vlada optimizam i samopuzdanje, pa pozitivan rezultat u ovom susretu ne bi trebalo da izostane &#8211; dodao je predsjednik KKI Vrbas, Marinko Umi\u0107evi\u0107.<\/p>\n<p>Ko\u0161arka\u0161i Vrbasa trebalo bi da u\u010destvuju i na petom me\u0111unarodnom turniru Jugoisto\u010dne Evrope, koji \u0107e od 13. do 15. novembra biti odr\u017ean u Rumuniji.<\/p>\n<p>&#8211; Voljeli bismo da otputujemo u Rumuniju, ali nam veliki problem predstavlja nedostatak finansijskih sredstava. Uputili smo molbu na dresu Vlade Republike Srpske i Grada Banja Luka, a nov\u010danu pomo\u0107 obe\u0107alo nam je Ministarstvo rada i bora\u010dko-invalidske za\u0161tite. Ve\u0107 smo predali zahtjev za vize Ambasadi Rumunije u Sarajevu, a tro\u0161kove \u0107e snositi doma\u0107in. U\u010de\u0161\u0107e na ovom turniru zna\u010dilo bi nam mnogo, jer smo se pro\u0161le godine pobratimili s Oradeom &#8211; rekao je Umi\u0107evi\u0107.<\/p>\n<p>U\u010de\u0161\u0107e u Oradei uze\u0107e ekipe iz Gr\u010dke, Slova\u010dke, Srbije, Ma\u0111arske i Ukrajine, a ko\u0161arka\u0161i Vrbasa brane prvo mjesto osvojeno pro\u0161le godine.<\/p>\n<p>Napomena: Tekst preuzet iz Fokus<\/p>\n","protected":false},"excerpt":{"rendered":"<p><img loading=\"lazy\" decoding=\"async\" width=\"124\" height=\"93\" align=\"left\" src=\"\/wp-content\/uploads\/articles_images\/20091103194958627_1.jpg\" alt=\"\"> Ekipa Ko\u0161arka\u0161kog kluba invalida Vrbas trijumfovala je u me\u010du petog kola Premijer lige BiH na svom terenu nad timom Bosne iz Zenice (67:58), a ve\u0107 danas Banjolu\u010dane u Sanskom Mostu o\u010dekuje duel sa Sanom.<\/p>\n","protected":false},"author":74,"featured_media":0,"comment_status":"open","ping_status":"open","sticky":false,"template":"","format":"standard","meta":{"ngg_post_thumbnail":0,"footnotes":""},"categories":[7],"tags":[],"class_list":["post-2117","post","type-post","status-publish","format-standard","hentry","category-arhiv"],"_links":{"self":[{"href":"https:\/\/banjalukasport.com\/index.php?rest_route=\/wp\/v2\/posts\/2117","targetHints":{"allow":["GET"]}}],"collection":[{"href":"https:\/\/banjalukasport.com\/index.php?rest_route=\/wp\/v2\/posts"}],"about":[{"href":"https:\/\/banjalukasport.com\/index.php?rest_route=\/wp\/v2\/types\/post"}],"author":[{"embeddable":true,"href":"https:\/\/banjalukasport.com\/index.php?rest_route=\/wp\/v2\/users\/74"}],"replies":[{"embeddable":true,"href":"https:\/\/banjalukasport.com\/index.php?rest_route=%2Fwp%2Fv2%2Fcomments&post=2117"}],"version-history":[{"count":0,"href":"https:\/\/banjalukasport.com\/index.php?rest_route=\/wp\/v2\/posts\/2117\/revisions"}],"wp:attachment":[{"href":"https:\/\/banjalukasport.com\/index.php?rest_route=%2Fwp%2Fv2%2Fmedia&parent=2117"}],"wp:term":[{"taxonomy":"category","embeddable":true,"href":"https:\/\/banjalukasport.com\/index.php?rest_route=%2Fwp%2Fv2%2Fcategories&post=2117"},{"taxonomy":"post_tag","embeddable":true,"href":"https:\/\/banjalukasport.com\/index.php?rest_route=%2Fwp%2Fv2%2Ftags&post=2117"}],"curies":[{"name":"wp","href":"https:\/\/api.w.org\/{rel}","templated":true}]}}