{"id":1948,"date":"2009-08-25T10:27:36","date_gmt":"2009-08-25T10:27:36","guid":{"rendered":"https:\/\/banjalukasport.com\/?p=1948"},"modified":"2009-08-25T10:27:36","modified_gmt":"2009-08-25T10:27:36","slug":"ko%c2%a9arka-pilav-u-grckoj","status":"publish","type":"post","link":"https:\/\/banjalukasport.com\/?p=1948","title":{"rendered":"KO\u00a9ARKA: Pilav u Gr\u010dkoj"},"content":{"rendered":"<p><img loading=\"lazy\" decoding=\"async\" width=\"104\" height=\"68\" align=\"left\" src=\"\/wp-content\/uploads\/articles_images\/2009082519273662_1.jpg\" alt=\"\"> Ko\u0161arka\u0161ica banjalu\u010dkog Mladog Kraji\u0161nika Aida Pilav karijeru \u0107e nastaviti u Gr\u010dkoj, u dresu ekipe Apollon Ptolemaide. Mlada 22-godi\u0161nja Zeni\u010danka i sigurno jedna od najboljih bh. ko\u0161arka\u0161ica oku\u0161a\u0107e se u jednoj od ja\u010dih evropskih liga, za ekipu Apollon Ptolemaide, koja se nalazi u samom vrhu gr\u010dke \u017eenske klupske ko\u0161arke.<br \/>\n&quot;Kao igra\u010dica sam se u potpunosti afirmisala u redovima Mladog Kraji\u0161nika, u \u010dijem sam dresu odigrala do sada dvije najbolje sezone u karijeri. Jedino mi je \u017eao \u0161to iz Banja Luke odlazim bez naslova prvaka&quot;, kazala je Aida Pilav.<\/p>\n<p>Do Gr\u010dke i Apollona je do\u0161la zahvaljuju\u0107i agenciji VNG basketball agency sa kojom je potpisala ugovor o zastupanju.<\/p>\n<p>Napomena: Tekst preuzet sa portala Sportsport.ba<\/p>\n","protected":false},"excerpt":{"rendered":"<p><img loading=\"lazy\" decoding=\"async\" width=\"104\" height=\"68\" align=\"left\" src=\"\/wp-content\/uploads\/articles_images\/2009082519273662_1.jpg\" alt=\"\"> Ko\u0161arka\u0161ica banjalu\u010dkog Mladog Kraji\u0161nika Aida Pilav karijeru \u0107e nastaviti u Gr\u010dkoj, u dresu ekipe Apollon Ptolemaide.<\/p>\n","protected":false},"author":74,"featured_media":0,"comment_status":"open","ping_status":"open","sticky":false,"template":"","format":"standard","meta":{"ngg_post_thumbnail":0,"footnotes":""},"categories":[7],"tags":[],"class_list":["post-1948","post","type-post","status-publish","format-standard","hentry","category-arhiv"],"_links":{"self":[{"href":"https:\/\/banjalukasport.com\/index.php?rest_route=\/wp\/v2\/posts\/1948","targetHints":{"allow":["GET"]}}],"collection":[{"href":"https:\/\/banjalukasport.com\/index.php?rest_route=\/wp\/v2\/posts"}],"about":[{"href":"https:\/\/banjalukasport.com\/index.php?rest_route=\/wp\/v2\/types\/post"}],"author":[{"embeddable":true,"href":"https:\/\/banjalukasport.com\/index.php?rest_route=\/wp\/v2\/users\/74"}],"replies":[{"embeddable":true,"href":"https:\/\/banjalukasport.com\/index.php?rest_route=%2Fwp%2Fv2%2Fcomments&post=1948"}],"version-history":[{"count":0,"href":"https:\/\/banjalukasport.com\/index.php?rest_route=\/wp\/v2\/posts\/1948\/revisions"}],"wp:attachment":[{"href":"https:\/\/banjalukasport.com\/index.php?rest_route=%2Fwp%2Fv2%2Fmedia&parent=1948"}],"wp:term":[{"taxonomy":"category","embeddable":true,"href":"https:\/\/banjalukasport.com\/index.php?rest_route=%2Fwp%2Fv2%2Fcategories&post=1948"},{"taxonomy":"post_tag","embeddable":true,"href":"https:\/\/banjalukasport.com\/index.php?rest_route=%2Fwp%2Fv2%2Ftags&post=1948"}],"curies":[{"name":"wp","href":"https:\/\/api.w.org\/{rel}","templated":true}]}}