{"id":1942,"date":"2009-08-24T08:07:07","date_gmt":"2009-08-24T08:07:07","guid":{"rendered":"https:\/\/banjalukasport.com\/?p=1942"},"modified":"2009-08-24T08:07:07","modified_gmt":"2009-08-24T08:07:07","slug":"ko%c2%a9arka-mk-bez-pilav-veselovske-i-jokoviceve","status":"publish","type":"post","link":"https:\/\/banjalukasport.com\/?p=1942","title":{"rendered":"KO\u00a9ARKA: MK bez Pilav, Veselovske i Jokovi\u0107eve"},"content":{"rendered":"<p><img loading=\"lazy\" decoding=\"async\" width=\"120\" height=\"120\" align=\"left\" src=\"\/wp-content\/uploads\/articles_images\/20090824170707908_1.jpg\" alt=\"\"> Ko\u0161arka\u0161ice Mladog Kraji\u0161nika po\u010dinju sa pripremama za sljede\u0107u sezonu. Danas \u0107e biti obavljeno okupljanje kojem bi trebalo da prisustvuju sve doma\u0107e ko\u0161arka\u0161ice koje su nastupale i pro\u0161le sezone. Ono \u0161to je sigurno da su ekipu napustile Aida Pilav, Monika Veselovska i Ana Jokovi\u0107. Tako\u0111e je sigurno da se Mladi Kraji\u0161nik ne\u0107e takmi\u010diti u FIBA kupu, a pod znakom pitanja je i nastup u WABA regionalnoj ligi. <\/p>\n","protected":false},"excerpt":{"rendered":"<p><img loading=\"lazy\" decoding=\"async\" width=\"120\" height=\"120\" align=\"left\" src=\"\/wp-content\/uploads\/articles_images\/20090824170707908_1.jpg\" alt=\"\"> Ko\u0161arka\u0161ice Mladog Kraji\u0161nika po\u010dinju sa pripremama za sljede\u0107u sezonu. Danas \u0107e biti obavljeno okupljanje kojem bi trebalo da prisustvuju sve doma\u0107e ko\u0161arka\u0161ice koje su nastupale i pro\u0161le sezone.<\/p>\n","protected":false},"author":74,"featured_media":0,"comment_status":"open","ping_status":"open","sticky":false,"template":"","format":"standard","meta":{"ngg_post_thumbnail":0,"footnotes":""},"categories":[7],"tags":[],"class_list":["post-1942","post","type-post","status-publish","format-standard","hentry","category-arhiv"],"_links":{"self":[{"href":"https:\/\/banjalukasport.com\/index.php?rest_route=\/wp\/v2\/posts\/1942","targetHints":{"allow":["GET"]}}],"collection":[{"href":"https:\/\/banjalukasport.com\/index.php?rest_route=\/wp\/v2\/posts"}],"about":[{"href":"https:\/\/banjalukasport.com\/index.php?rest_route=\/wp\/v2\/types\/post"}],"author":[{"embeddable":true,"href":"https:\/\/banjalukasport.com\/index.php?rest_route=\/wp\/v2\/users\/74"}],"replies":[{"embeddable":true,"href":"https:\/\/banjalukasport.com\/index.php?rest_route=%2Fwp%2Fv2%2Fcomments&post=1942"}],"version-history":[{"count":0,"href":"https:\/\/banjalukasport.com\/index.php?rest_route=\/wp\/v2\/posts\/1942\/revisions"}],"wp:attachment":[{"href":"https:\/\/banjalukasport.com\/index.php?rest_route=%2Fwp%2Fv2%2Fmedia&parent=1942"}],"wp:term":[{"taxonomy":"category","embeddable":true,"href":"https:\/\/banjalukasport.com\/index.php?rest_route=%2Fwp%2Fv2%2Fcategories&post=1942"},{"taxonomy":"post_tag","embeddable":true,"href":"https:\/\/banjalukasport.com\/index.php?rest_route=%2Fwp%2Fv2%2Ftags&post=1942"}],"curies":[{"name":"wp","href":"https:\/\/api.w.org\/{rel}","templated":true}]}}