{"id":1929,"date":"2009-08-19T07:48:55","date_gmt":"2009-08-19T07:48:55","guid":{"rendered":"https:\/\/banjalukasport.com\/?p=1929"},"modified":"2009-08-19T07:48:55","modified_gmt":"2009-08-19T07:48:55","slug":"fudbal-najmladi-a-medu-najboljima","status":"publish","type":"post","link":"https:\/\/banjalukasport.com\/?p=1929","title":{"rendered":"FUDBAL: Najmla\u0111i a me\u0111u najboljima"},"content":{"rendered":"<p><img loading=\"lazy\" decoding=\"async\" width=\"104\" height=\"104\" align=\"left\" src=\"\/wp-content\/uploads\/articles_images\/20090819164855790_1.jpg\" alt=\"\"> Fudbalski stru\u010dnjaci u Banjaluci sla\u017eu se u jednom &#8211; pred Nemanjom Bilbijom je blistava karijera. Mladi napada\u010d Borca jedan je od najzaslu\u017enijih \u0161to se &quot;crveno-plavi&quot; trenutno nalaze na vrhu tabele Premijer lige BiH. Banjalu\u010dani su upisali tri startne pobjede, postigli ukupno pet golova, a posljednji je djelo upravo golobradog centafora. &quot;Nije lako biti najmla\u0111i u timu, ali trudim se da se to ne osjeti na terenu. Na svakoj utakmici ili treningu \u017eelim da doka\u017eem da nisu va\u017ene godine, ve\u0107 fudbalsko umije\u0107e&quot;, rekao je osamnaestogodi\u0161nji Nemanja Bilbija.<\/p>\n<p>U prve dvije utakmice, sa Lakta\u0161ima (2:0) i Leotarom (2:0), bio je jedan od najboljih na terenu, a u subotu je njegov pogodak donio veliki trijumf Borcu u Zenici.<\/p>\n<p>&quot;Taj gol mi je veoma drag, jer smo s njim osvojili tri boda s vru\u0107eg terena u Zenici. Na kraju pro\u0161le sezone sam tako\u0111e postigao odlu\u010duju\u0107i gol na &#8216;Bilinom polju&#8217; i zaista sam ponosan na to&quot;, dodao je napada\u010d Banjalu\u010dana.<\/p>\n<p>Njegove blistave partije nisu, naravno, ostale nezapa\u017eene. Menad\u017eeri brojnih klubova prate svaki korak darovitog centarfora, ali Bilbija ne razmi\u0161lja mnogo tome:<\/p>\n<p>&quot;Bilo je ranije pri\u010de o mom prelasku u Teleoptik, filijalu Partizana, ali o toga za sada nema ni\u0161ta. U ovom trenutku \u017eelim samo da se koncentri\u0161em na partije u Borcu i da se trudim da svoju igru podignem na vi\u0161i nivo. Za prelazak u neki drugi klub ima jo\u0161 mnogo vremena. Mlad sam, vrijeme radi za mene.&quot;<\/p>\n<p>Naredni ispit za fudbalere Borca je utakmica sa \u00a9irokim, opet pred praznim tribinama Gradskog stadiona.<\/p>\n<p>&quot;Nema tu mnogo \u0161ta da se pri\u010da, zabilje\u017ei\u0107emo novu pobjedu&quot;, optimista je Bilbija.<\/p>\n<p>Borac je sezonu otvorio kao nikad do sada. U vazduhu se osjeti optimizam i nada da bi Banjalu\u010dani napokon mogli ove sezone u sami vrh.<\/p>\n<p>&quot;Atmosfera u svla\u010dionici je zaista sjajna. Svi djelujemo kao skladna cjelina. Zadovoljni smo kako smo otvorili sezonu, ali znamo da su jo\u0161 mnoga isku\u0161enja pred nama. Prvenstvo je dugo i o kona\u010dnom plasmanu jo\u0161 niko ne razmi\u0161lja, zaklju\u010dio je Nemanja Bilbija, vjerovatno najve\u0107i banjalu\u010dki fudbalski talenat u posljednjoj deceniji.<\/p>\n<p>Posebnu zahvalnost Nemanja Bilbija duguje svom ocu Miloradu, legendarnom defanzivcu Borca:<\/p>\n<p>&quot;Otac me izveo na pravi put. Svoje znanje prenio je na mene dok me trenirao u juniorima. Nadam se da \u0107u nastaviti da napredujem i siguran sam da mi on mo\u017ee jo\u0161 mnogo pomo\u0107i da izrastem u dobrog igra\u010da.&quot;<\/p>\n<p>Napomena: Tekst preuzet iz Nezavisnih novina<\/p>\n","protected":false},"excerpt":{"rendered":"<p><img loading=\"lazy\" decoding=\"async\" width=\"104\" height=\"104\" align=\"left\" src=\"\/wp-content\/uploads\/articles_images\/20090819164855790_1.jpg\" alt=\"\"> Fudbalski stru\u010dnjaci u Banjaluci sla\u017eu se u jednom &#8211; pred Nemanjom Bilbijom je blistava karijera. Mladi napada\u010d Borca jedan je od najzaslu\u017enijih \u0161to se &quot;crveno-plavi&quot; trenutno nalaze na vrhu tabele Premijer lige BiH. Banjalu\u010dani su upisali tri startne pobjede, postigli ukupno pet golova, a posljednji je djelo upravo golobradog centafora.<\/p>\n","protected":false},"author":74,"featured_media":0,"comment_status":"open","ping_status":"open","sticky":false,"template":"","format":"standard","meta":{"ngg_post_thumbnail":0,"footnotes":""},"categories":[7],"tags":[],"class_list":["post-1929","post","type-post","status-publish","format-standard","hentry","category-arhiv"],"_links":{"self":[{"href":"https:\/\/banjalukasport.com\/index.php?rest_route=\/wp\/v2\/posts\/1929","targetHints":{"allow":["GET"]}}],"collection":[{"href":"https:\/\/banjalukasport.com\/index.php?rest_route=\/wp\/v2\/posts"}],"about":[{"href":"https:\/\/banjalukasport.com\/index.php?rest_route=\/wp\/v2\/types\/post"}],"author":[{"embeddable":true,"href":"https:\/\/banjalukasport.com\/index.php?rest_route=\/wp\/v2\/users\/74"}],"replies":[{"embeddable":true,"href":"https:\/\/banjalukasport.com\/index.php?rest_route=%2Fwp%2Fv2%2Fcomments&post=1929"}],"version-history":[{"count":0,"href":"https:\/\/banjalukasport.com\/index.php?rest_route=\/wp\/v2\/posts\/1929\/revisions"}],"wp:attachment":[{"href":"https:\/\/banjalukasport.com\/index.php?rest_route=%2Fwp%2Fv2%2Fmedia&parent=1929"}],"wp:term":[{"taxonomy":"category","embeddable":true,"href":"https:\/\/banjalukasport.com\/index.php?rest_route=%2Fwp%2Fv2%2Fcategories&post=1929"},{"taxonomy":"post_tag","embeddable":true,"href":"https:\/\/banjalukasport.com\/index.php?rest_route=%2Fwp%2Fv2%2Ftags&post=1929"}],"curies":[{"name":"wp","href":"https:\/\/api.w.org\/{rel}","templated":true}]}}