{"id":1911,"date":"2009-08-09T10:05:53","date_gmt":"2009-08-09T10:05:53","guid":{"rendered":"https:\/\/banjalukasport.com\/?p=1911"},"modified":"2009-08-09T10:05:53","modified_gmt":"2009-08-09T10:05:53","slug":"rukomet-stigli-sa-tare","status":"publish","type":"post","link":"https:\/\/banjalukasport.com\/?p=1911","title":{"rendered":"RUKOMET: Stigli sa Tare"},"content":{"rendered":"<p> <img loading=\"lazy\" decoding=\"async\" width=\"120\" height=\"102\" align=\"left\" src=\"\/wp-content\/uploads\/articles_images\/20090809190553347_1.jpg\" alt=\"\"> Nakon sedam dana provedenih na Tari rukometa\u0161i Borca vratili su se u Banju Luku i pripreme nastavljaju u svom gradu Trener, Dra\u0161ko Budi\u0161a, ka\u017ee da poslije visinskih priprema rad nastavljaju u dvorani &quot;Borik&quot;, danas u poslijepodnevnim \u010dasovima.<\/p>\n<p>&#8211; Na Tari smo uradili ono \u0161to smo planirali u ovih sedam dana. Mogu biti zadovoljan pristupom radu i nije bilo problema. Bilo je sitnijih zdravstvenih problema, ali ni\u0161ta ozbiljno. Svi su trenirali, pa je ovaj dio priprema ura\u0111en na najbolji mogu\u0107i na\u010din. Sada slijedi rad s loptom u dvorani i vjerujem da \u0107emo nastaviti kako smo i zapo\u010deli &#8211; ka\u017ee Budi\u0161a.<\/p>\n<p>Ve\u0107 u petak, 14. avgusta, Banjolu\u010dane na doma\u0107em terenu o\u010dekuje i prva provjera.<\/p>\n<p>&#8211; Prvu utakmicu igramo na svom terenu s Kutinom, a ve\u0107 sljede\u0107eg dana ugosti\u0107emo viso\u010dku Bosnu. Potom, 19. avgusta, gostujemo u Kutini, a 22. u Zenici igramo sa \u010delikom. Zatim slijedi i na\u0161 turnir i nove provjere &#8211; isti\u010de Budi\u0161a.<\/p>\n<p>On dodaje da je prvobitno planirao jo\u0161 kontrolnih utakmica, ali da ih je u tome sprije\u010dio termin igranja u EHF kupu, gdje Borac u prvom kolu igra s holandskom ekipom Euroteh Bevo, 5. septembra.<\/p>\n<p>&#8211; Mo\u017eda \u0107e nam faliti jedna ili dvije utakmice, jer smo sve prvobitno planirali za po\u010detak doma\u0107eg prvenstva, 12. septembra, ali prije toga slijedi EHF kup. Ipak, imamo vremena da se dobro pripremimo &#8211; isti\u010de Dra\u0161ko Budi\u0161a.<\/p>\n<p>Napomena: Tekst preuzet iz Fokusa<\/p>\n","protected":false},"excerpt":{"rendered":"<p> <img loading=\"lazy\" decoding=\"async\" width=\"120\" height=\"102\" align=\"left\" src=\"\/wp-content\/uploads\/articles_images\/20090809190553347_1.jpg\" alt=\"\"> Nakon sedam dana provedenih na Tari rukometa\u0161i Borca vratili su se u Banju Luku i pripreme nastavljaju u svom gradu<\/p>\n","protected":false},"author":74,"featured_media":0,"comment_status":"open","ping_status":"open","sticky":false,"template":"","format":"standard","meta":{"ngg_post_thumbnail":0,"footnotes":""},"categories":[7],"tags":[],"class_list":["post-1911","post","type-post","status-publish","format-standard","hentry","category-arhiv"],"_links":{"self":[{"href":"https:\/\/banjalukasport.com\/index.php?rest_route=\/wp\/v2\/posts\/1911","targetHints":{"allow":["GET"]}}],"collection":[{"href":"https:\/\/banjalukasport.com\/index.php?rest_route=\/wp\/v2\/posts"}],"about":[{"href":"https:\/\/banjalukasport.com\/index.php?rest_route=\/wp\/v2\/types\/post"}],"author":[{"embeddable":true,"href":"https:\/\/banjalukasport.com\/index.php?rest_route=\/wp\/v2\/users\/74"}],"replies":[{"embeddable":true,"href":"https:\/\/banjalukasport.com\/index.php?rest_route=%2Fwp%2Fv2%2Fcomments&post=1911"}],"version-history":[{"count":0,"href":"https:\/\/banjalukasport.com\/index.php?rest_route=\/wp\/v2\/posts\/1911\/revisions"}],"wp:attachment":[{"href":"https:\/\/banjalukasport.com\/index.php?rest_route=%2Fwp%2Fv2%2Fmedia&parent=1911"}],"wp:term":[{"taxonomy":"category","embeddable":true,"href":"https:\/\/banjalukasport.com\/index.php?rest_route=%2Fwp%2Fv2%2Fcategories&post=1911"},{"taxonomy":"post_tag","embeddable":true,"href":"https:\/\/banjalukasport.com\/index.php?rest_route=%2Fwp%2Fv2%2Ftags&post=1911"}],"curies":[{"name":"wp","href":"https:\/\/api.w.org\/{rel}","templated":true}]}}