{"id":1899,"date":"2009-08-05T09:21:17","date_gmt":"2009-08-05T09:21:17","guid":{"rendered":"https:\/\/banjalukasport.com\/?p=1899"},"modified":"2009-08-05T09:21:17","modified_gmt":"2009-08-05T09:21:17","slug":"rukomet-na-tari-sve-ide-po-planu","status":"publish","type":"post","link":"https:\/\/banjalukasport.com\/?p=1899","title":{"rendered":"RUKOMET: Na Tari sve ide po planu"},"content":{"rendered":"<p><img loading=\"lazy\" decoding=\"async\" width=\"105\" height=\"120\" align=\"left\" src=\"\/wp-content\/uploads\/articles_images\/20090805182117751_1.jpg\" alt=\"\"> Rukometa\u0161i i Stru\u010dni \u0161tab banjolu\u010dkog Borca nalaze se na Tari, gdje obavljaju sedmodnevne pripreme. &quot;Crveno-plavi&quot; ovo vrijeme koriste za bru\u0161enje forme za predstoje\u0107e obaveze u Premijer ligi BiH i Kupu EHF. Trener Banjolu\u010dana, Dra\u0161ko Budi\u0161a, zadovoljan je dosada\u0161njim radom i uslovima u kojima treniraju &#8211; Sve se odvija onako kako smo i planirali. Nema tu mnogo filozofije kada je u pitanju trena\u017eni dio posla. Isklju\u010divo smo se posvetili pobolj\u0161anju fizi\u010dke spreme, a igra\u010di su ozbiljno shvatili ono \u0161to se od njih o\u010dekuje, tako da ula\u017eu maksimalni napor. Imamo fantasti\u010dne uslove, a na raspolaganju su nam svakodnevno sauna, teretana, bazen i staze. Isklju\u010dili smo rad s loptom, tako da se fokusiramo na du\u017einsko tr\u010danje, eksplozivnost i, naravno, vje\u017ebe snage u teretani. Novih povreda nema, \u0161to je najbitnije. U punom trena\u017enom procesu nalazi se i Ivan Kara\u010di\u0107, kome je, zbog povrede prsta, \u0161aka u gipsu &#8211; rekao je Budi\u0161a.<\/p>\n<p>On dodaje da od ovog pripremnog perioda zavisi i izbor igra\u010da koji \u0107e \u010diniti prvu sedmorku na parketu.<\/p>\n<p>&#8211; Pristup radu, zalaganje, nametanje, kao i mnogi drugi aspekti uti\u010du na selekciju tima. Za sada sve ide onako kako smo predvidjeli, a iskreno se nadam da \u0107emo vrijeme ovdje maksimalno iskoristiti kako bismo \u0161to spremniji do\u010dekali, prije svega, na\u0161 Turnir evropskih \u0161ampiona, a potom i ligu BiH, kao i susret u prvom kolu Kupa EHF s Holan\u0111anima. Imamo kvalitet, \u0161to smo pokazali i minule sezone zauzev\u0161i drugo mjesto na premijerliga\u0161koj tabeli, a s ovim igra\u010dima kojima trenutno raspola\u017eemo siguran sam da mo\u017eemo ponoviti uspjeh &#8211; dodao je Budi\u0161a.<\/p>\n<p>Poja\u010danja u redovima vice\u0161ampiona BiH, Faruk Halilbegovi\u0107 i Aleksandar Me\u0111edovi\u0107, prema rije\u010dima stratega, odli\u010dno su se uklopili u ekipu.<\/p>\n<p>&#8211; Iako je igrao u Norve\u0161koj neko vrijeme, Me\u0111edovi\u0107u ne treba mnogo da se uklopi u sredinu. Poznaje ve\u0107inu ovih igra\u010da i on se osje\u0107a kao kod ku\u0107e. Halilbegovi\u0107 treba malo vi\u0161e vremena za adaptaciju, ali kako stvari sada stoje, mogu re\u0107i da se i on fenomenalno uklopio. Odnos u ekipi je odli\u010dan i za sada sam zadovoljan prikazanim &#8211; rekao je Dra\u0161ko Budi\u0161a, trener rukometa\u0161a Borca.<\/p>\n<p>Rukometa\u0161i Borca u Banju Luku bi trebalo da doputuju u subotu, 8. avgusta.<\/p>\n<p>Napomena: Tekst preuzet iz Fokusa<\/p>\n","protected":false},"excerpt":{"rendered":"<p><img loading=\"lazy\" decoding=\"async\" width=\"105\" height=\"120\" align=\"left\" src=\"\/wp-content\/uploads\/articles_images\/20090805182117751_1.jpg\" alt=\"\"> Rukometa\u0161i i Stru\u010dni \u0161tab banjolu\u010dkog Borca nalaze se na Tari, gdje obavljaju sedmodnevne pripreme. &quot;Crveno-plavi&quot; ovo vrijeme koriste za bru\u0161enje forme za predstoje\u0107e obaveze u Premijer ligi BiH i Kupu EHF. Trener Banjolu\u010dana, Dra\u0161ko Budi\u0161a, zadovoljan je dosada\u0161njim radom i uslovima u kojima treniraju<\/p>\n","protected":false},"author":74,"featured_media":0,"comment_status":"open","ping_status":"open","sticky":false,"template":"","format":"standard","meta":{"ngg_post_thumbnail":0,"footnotes":""},"categories":[7],"tags":[],"class_list":["post-1899","post","type-post","status-publish","format-standard","hentry","category-arhiv"],"_links":{"self":[{"href":"https:\/\/banjalukasport.com\/index.php?rest_route=\/wp\/v2\/posts\/1899","targetHints":{"allow":["GET"]}}],"collection":[{"href":"https:\/\/banjalukasport.com\/index.php?rest_route=\/wp\/v2\/posts"}],"about":[{"href":"https:\/\/banjalukasport.com\/index.php?rest_route=\/wp\/v2\/types\/post"}],"author":[{"embeddable":true,"href":"https:\/\/banjalukasport.com\/index.php?rest_route=\/wp\/v2\/users\/74"}],"replies":[{"embeddable":true,"href":"https:\/\/banjalukasport.com\/index.php?rest_route=%2Fwp%2Fv2%2Fcomments&post=1899"}],"version-history":[{"count":0,"href":"https:\/\/banjalukasport.com\/index.php?rest_route=\/wp\/v2\/posts\/1899\/revisions"}],"wp:attachment":[{"href":"https:\/\/banjalukasport.com\/index.php?rest_route=%2Fwp%2Fv2%2Fmedia&parent=1899"}],"wp:term":[{"taxonomy":"category","embeddable":true,"href":"https:\/\/banjalukasport.com\/index.php?rest_route=%2Fwp%2Fv2%2Fcategories&post=1899"},{"taxonomy":"post_tag","embeddable":true,"href":"https:\/\/banjalukasport.com\/index.php?rest_route=%2Fwp%2Fv2%2Ftags&post=1899"}],"curies":[{"name":"wp","href":"https:\/\/api.w.org\/{rel}","templated":true}]}}