{"id":1897,"date":"2009-08-04T08:06:21","date_gmt":"2009-08-04T08:06:21","guid":{"rendered":"https:\/\/banjalukasport.com\/?p=1897"},"modified":"2009-08-04T08:06:21","modified_gmt":"2009-08-04T08:06:21","slug":"motociklizam-majkic-deveti-u-grckoj","status":"publish","type":"post","link":"https:\/\/banjalukasport.com\/?p=1897","title":{"rendered":"MOTOCIKLIZAM: Majki\u0107 deveti u Gr\u010dkoj"},"content":{"rendered":"<p> <img loading=\"lazy\" decoding=\"async\" width=\"130\" height=\"86\" align=\"left\" src=\"\/wp-content\/uploads\/articles_images\/20090804170621146_1.jpg\" alt=\"\"> \u010dlan Moto-kluba Fortuna rejsing iz Banje Luke Bojan Majki\u0107 zauzeo je osmo i deveto mjesto u prve dvije trke Prvenstva Jugoisto\u010dne Evrope, vo\u017eene na stazi Seres u Gr\u010dkoj. Majki\u0107 je nastupio u najja\u010doj klasi, do 1.000 kubika, u konkurenciji 40 takmi\u010dara \u010dlan Moto-kluba Logistik iz Banje Luke \u00aeeljko Pavlovi\u0107 prvu trku je okon\u010dao na 15. poziciji, dok je njegov klupski kolega Neboj\u0161a Dujakovi\u0107 bio 18. Drugog takmi\u010darskog dana vo\u017eena je druga trka koja se boduje za Prvenstvo Jugoisto\u010dne Evrope u organizaciji Auto-moto saveza Rumunije, na kojoj je Majki\u0107 popravio plasman za jedno mjesto u odnosu na prvi dan. Pavlovi\u0107 je ostvario isti plasman, dok je Dujakovi\u0107 iz tehni\u010dkih razloga odustao.<\/p>\n<p>&#8211; Ovo je fantasti\u010dan rezultat, posebno ako u obzir uzmemo jaku konkurenciju i \u010dinjenicu da smo prvi put nastupali na stazi Seres, dugoj \u010detiri kilometra. Na prvoj trci sa starta sam krenuo \u0161esti, a \u010detvrtu poziciju dr\u017eao sam do 15. kruga, kada me je voza\u010d iz Bugarske izgurao na 25. mjesto. Nakon toga sam se vratio, ali nisam imao vremena za bolji plasman od devetog mjesta. Da nije bilo tog peha sigurno bih bio me\u0111u prva tri takmi\u010dara &#8211; rekao je Majki\u0107.<\/p>\n<p>On dodaje da je drugog takmi\u010darskog dana presudnu ulogu odigralo veoma sparno i te\u0161ko vrijeme.<\/p>\n<p>&#8211; Imao sam problema s pneumaticima. Izabrao sam lo\u0161e gume za tako visoke temperature, pa mi je motor proklizavao. Ipak, zadovoljan sam osmim mjestom, kao i cjelokupnim nastupom, posebno \u0161to nam je ovo prvo u\u010de\u0161\u0107e na tako velikom takmi\u010denju &#8211; rekao je Bojan Majki\u0107, \u010dlan Moto-kluba Fortuna rejsing iz Banje Luke.<\/p>\n<p>Trke u Gr\u010dkoj prve su dvije od ukupno pet koje \u0107e se ove sezone voziti za Prvenstvo Jugoisto\u010dne Evrope. Zbog lo\u0161e finansijske situacije Auto-moto savez Rumunije trku je organizovao u Gr\u010dkoj. Sljede\u0107a trka vozi se u Bugarskoj, a nakon toga slijede Turska i Srbija.<\/p>\n<p>Napomena: Tekst preuzet iz Fokusa<\/p>\n","protected":false},"excerpt":{"rendered":"<p> <img loading=\"lazy\" decoding=\"async\" width=\"130\" height=\"86\" align=\"left\" src=\"\/wp-content\/uploads\/articles_images\/20090804170621146_1.jpg\" alt=\"\"> \u010dlan Moto-kluba Fortuna rejsing iz Banje Luke Bojan Majki\u0107 zauzeo je osmo i deveto mjesto u prve dvije trke Prvenstva Jugoisto\u010dne Evrope, vo\u017eene na stazi Seres u Gr\u010dkoj. Majki\u0107 je nastupio u najja\u010doj klasi, do 1.000 kubika, u konkurenciji 40 takmi\u010dara<\/p>\n","protected":false},"author":74,"featured_media":0,"comment_status":"open","ping_status":"open","sticky":false,"template":"","format":"standard","meta":{"ngg_post_thumbnail":0,"footnotes":""},"categories":[7],"tags":[],"class_list":["post-1897","post","type-post","status-publish","format-standard","hentry","category-arhiv"],"_links":{"self":[{"href":"https:\/\/banjalukasport.com\/index.php?rest_route=\/wp\/v2\/posts\/1897","targetHints":{"allow":["GET"]}}],"collection":[{"href":"https:\/\/banjalukasport.com\/index.php?rest_route=\/wp\/v2\/posts"}],"about":[{"href":"https:\/\/banjalukasport.com\/index.php?rest_route=\/wp\/v2\/types\/post"}],"author":[{"embeddable":true,"href":"https:\/\/banjalukasport.com\/index.php?rest_route=\/wp\/v2\/users\/74"}],"replies":[{"embeddable":true,"href":"https:\/\/banjalukasport.com\/index.php?rest_route=%2Fwp%2Fv2%2Fcomments&post=1897"}],"version-history":[{"count":0,"href":"https:\/\/banjalukasport.com\/index.php?rest_route=\/wp\/v2\/posts\/1897\/revisions"}],"wp:attachment":[{"href":"https:\/\/banjalukasport.com\/index.php?rest_route=%2Fwp%2Fv2%2Fmedia&parent=1897"}],"wp:term":[{"taxonomy":"category","embeddable":true,"href":"https:\/\/banjalukasport.com\/index.php?rest_route=%2Fwp%2Fv2%2Fcategories&post=1897"},{"taxonomy":"post_tag","embeddable":true,"href":"https:\/\/banjalukasport.com\/index.php?rest_route=%2Fwp%2Fv2%2Ftags&post=1897"}],"curies":[{"name":"wp","href":"https:\/\/api.w.org\/{rel}","templated":true}]}}